{"id":5895,"date":"2013-05-02T15:35:53","date_gmt":"2013-05-02T18:35:53","guid":{"rendered":"http:\/\/www.curva1.com.ar\/?p=5895"},"modified":"2013-05-02T15:36:56","modified_gmt":"2013-05-02T18:36:56","slug":"un-joven-de-san-martin-se-gano-la-moto-que-sorteo-peluche-caceres","status":"publish","type":"post","link":"https:\/\/curva1.com.ar\/?p=5895","title":{"rendered":"Un joven de San Mart\u00edn se gan\u00f3 la moto que sorte\u00f3 Peluche C\u00e1ceres"},"content":{"rendered":"<p><img loading=\"lazy\" decoding=\"async\" class=\"aligncenter size-full wp-image-5897\" alt=\"IMG_4137\" src=\"http:\/\/www.curva1.com.ar\/wp-content\/uploads\/2013\/05\/IMG_4137.jpg\" width=\"500\" height=\"281\" srcset=\"https:\/\/curva1.com.ar\/wp-content\/uploads\/2013\/05\/IMG_4137.jpg 500w, https:\/\/curva1.com.ar\/wp-content\/uploads\/2013\/05\/IMG_4137-300x169.jpg 300w\" sizes=\"auto, (max-width: 500px) 100vw, 500px\" \/><\/p>\n<p>Dar\u00edo Benedetti fue el ganador del sorteo de una moto Brava 110 cc que realiz\u00f3 el piloto Emmanuel C\u00e1ceres a trav\u00e9s de quiniela de Mendoza.<\/p>\n<p>El sanmartiniano que compite actualmente en el TC2000, entreg\u00f3 hoy jueves al mediod\u00eda la moto 110 cc que unos de sus sponsor obsequi\u00f3 para que &#8220;Peluche&#8221; la sortear\u00e1 entre sus fieles seguidores.<\/p>\n<p><strong>&#8220;Estoy muy contento, realmente ni sab\u00eda que n\u00famero sali\u00f3, pero Peluche me llam\u00f3 para decirme que me la hab\u00eda ganado&#8221;<\/strong> expres\u00f3 el agraciado Benedetti, que con el n\u00famero 44 se llev\u00f3 el premio del equipo C\u00e1ceres Competici\u00f3n.<\/p>\n<p>Por su parte, Peluche destac\u00f3 <strong>&#8220;La moto fue gentileza de Santecchia Motos, una empresa de San Mart\u00edn a la cual estoy agradecido por su apoyo para competir a nivel nacional. En los pr\u00f3ximos meses seguiremos sorteando otras unidades&#8221;.<\/strong><\/p>\n<p>C\u00e1ceres tiene su pr\u00f3ximo compromiso con el TC2000 el fin de semana del 19 de mayo en el aut\u00f3dromo de Alta Gracia, en C\u00f3rdoba.<\/p>\n","protected":false},"excerpt":{"rendered":"<p>Dar\u00edo Benedetti fue el ganador del sorteo de una moto Brava 110 cc que realiz\u00f3<\/p>\n","protected":false},"author":1,"featured_media":5897,"comment_status":"open","ping_status":"closed","sticky":false,"template":"","format":"standard","meta":{"footnotes":""},"categories":[6],"tags":[],"class_list":["post-5895","post","type-post","status-publish","format-standard","has-post-thumbnail","hentry","category-nacionales"],"featured_image_urls":{"full":["https:\/\/curva1.com.ar\/wp-content\/uploads\/2013\/05\/IMG_4137.jpg",500,281,false],"thumbnail":["https:\/\/curva1.com.ar\/wp-content\/uploads\/2013\/05\/IMG_4137-300x169.jpg",300,169,true],"medium":["https:\/\/curva1.com.ar\/wp-content\/uploads\/2013\/05\/IMG_4137.jpg",500,281,false],"medium_large":["https:\/\/curva1.com.ar\/wp-content\/uploads\/2013\/05\/IMG_4137.jpg",500,281,false],"large":["https:\/\/curva1.com.ar\/wp-content\/uploads\/2013\/05\/IMG_4137.jpg",500,281,false],"1536x1536":["https:\/\/curva1.com.ar\/wp-content\/uploads\/2013\/05\/IMG_4137.jpg",500,281,false],"2048x2048":["https:\/\/curva1.com.ar\/wp-content\/uploads\/2013\/05\/IMG_4137.jpg",500,281,false],"chromenews-featured":["https:\/\/curva1.com.ar\/wp-content\/uploads\/2013\/05\/IMG_4137.jpg",500,281,false],"chromenews-large":["https:\/\/curva1.com.ar\/wp-content\/uploads\/2013\/05\/IMG_4137.jpg",500,281,false],"chromenews-medium":["https:\/\/curva1.com.ar\/wp-content\/uploads\/2013\/05\/IMG_4137.jpg",500,281,false]},"author_info":{"display_name":"Jos\u00e9 Bravo","author_link":"https:\/\/curva1.com.ar\/?author=1"},"category_info":"<a href=\"https:\/\/curva1.com.ar\/?cat=6\" rel=\"category\">Nacionales<\/a>","tag_info":"Nacionales","comment_count":"0","_links":{"self":[{"href":"https:\/\/curva1.com.ar\/index.php?rest_route=\/wp\/v2\/posts\/5895","targetHints":{"allow":["GET"]}}],"collection":[{"href":"https:\/\/curva1.com.ar\/index.php?rest_route=\/wp\/v2\/posts"}],"about":[{"href":"https:\/\/curva1.com.ar\/index.php?rest_route=\/wp\/v2\/types\/post"}],"author":[{"embeddable":true,"href":"https:\/\/curva1.com.ar\/index.php?rest_route=\/wp\/v2\/users\/1"}],"replies":[{"embeddable":true,"href":"https:\/\/curva1.com.ar\/index.php?rest_route=%2Fwp%2Fv2%2Fcomments&post=5895"}],"version-history":[{"count":3,"href":"https:\/\/curva1.com.ar\/index.php?rest_route=\/wp\/v2\/posts\/5895\/revisions"}],"predecessor-version":[{"id":5901,"href":"https:\/\/curva1.com.ar\/index.php?rest_route=\/wp\/v2\/posts\/5895\/revisions\/5901"}],"wp:featuredmedia":[{"embeddable":true,"href":"https:\/\/curva1.com.ar\/index.php?rest_route=\/wp\/v2\/media\/5897"}],"wp:attachment":[{"href":"https:\/\/curva1.com.ar\/index.php?rest_route=%2Fwp%2Fv2%2Fmedia&parent=5895"}],"wp:term":[{"taxonomy":"category","embeddable":true,"href":"https:\/\/curva1.com.ar\/index.php?rest_route=%2Fwp%2Fv2%2Fcategories&post=5895"},{"taxonomy":"post_tag","embeddable":true,"href":"https:\/\/curva1.com.ar\/index.php?rest_route=%2Fwp%2Fv2%2Ftags&post=5895"}],"curies":[{"name":"wp","href":"https:\/\/api.w.org\/{rel}","templated":true}]}}