{"id":5906,"date":"2013-05-02T15:59:23","date_gmt":"2013-05-02T18:59:23","guid":{"rendered":"http:\/\/www.curva1.com.ar\/?p=5906"},"modified":"2013-05-02T15:59:23","modified_gmt":"2013-05-02T18:59:23","slug":"el-rally-argentino-podria-visitar-mendoza-en-el-mes-de-noviembre","status":"publish","type":"post","link":"https:\/\/curva1.com.ar\/?p=5906","title":{"rendered":"El Rally Argentino podr\u00eda visitar Mendoza en el mes de Noviembre"},"content":{"rendered":"<p><img loading=\"lazy\" decoding=\"async\" class=\"aligncenter size-full wp-image-5907\" alt=\"med_132_3383\" src=\"http:\/\/www.curva1.com.ar\/wp-content\/uploads\/2013\/05\/med_132_3383.jpg\" width=\"500\" height=\"281\" srcset=\"https:\/\/curva1.com.ar\/wp-content\/uploads\/2013\/05\/med_132_3383.jpg 500w, https:\/\/curva1.com.ar\/wp-content\/uploads\/2013\/05\/med_132_3383-300x169.jpg 300w\" sizes=\"auto, (max-width: 500px) 100vw, 500px\" \/><\/p>\n<p>Existen algunas versiones de que la categor\u00eda mayor del Rally en nuestro pa\u00eds podr\u00eda regresar a la provincia, luego de varios a\u00f1os de ausencia.<\/p>\n<p>El Rally Argentino, que hoy est\u00e1 regenteado por Perez Companc, tiene una posibilidad de realizar una de sus fechas en la provincia de Mendoza.<\/p>\n<p>La cita ser\u00eda en Noviembre y un s\u00faper prime se realizar\u00eda en cercan\u00edas los portones del parque General San Mart\u00edn, mientras que los &#8220;prime&#8221; podr\u00edan realizarse en Luj\u00e1n de Cuyo.<\/p>\n","protected":false},"excerpt":{"rendered":"<p>Existen algunas versiones de que la categor\u00eda mayor del Rally en nuestro pa\u00eds podr\u00eda regresar<\/p>\n","protected":false},"author":1,"featured_media":5907,"comment_status":"open","ping_status":"closed","sticky":false,"template":"","format":"standard","meta":{"footnotes":""},"categories":[6],"tags":[],"class_list":["post-5906","post","type-post","status-publish","format-standard","has-post-thumbnail","hentry","category-nacionales"],"featured_image_urls":{"full":["https:\/\/curva1.com.ar\/wp-content\/uploads\/2013\/05\/med_132_3383.jpg",500,281,false],"thumbnail":["https:\/\/curva1.com.ar\/wp-content\/uploads\/2013\/05\/med_132_3383-300x169.jpg",300,169,true],"medium":["https:\/\/curva1.com.ar\/wp-content\/uploads\/2013\/05\/med_132_3383.jpg",500,281,false],"medium_large":["https:\/\/curva1.com.ar\/wp-content\/uploads\/2013\/05\/med_132_3383.jpg",500,281,false],"large":["https:\/\/curva1.com.ar\/wp-content\/uploads\/2013\/05\/med_132_3383.jpg",500,281,false],"1536x1536":["https:\/\/curva1.com.ar\/wp-content\/uploads\/2013\/05\/med_132_3383.jpg",500,281,false],"2048x2048":["https:\/\/curva1.com.ar\/wp-content\/uploads\/2013\/05\/med_132_3383.jpg",500,281,false],"chromenews-featured":["https:\/\/curva1.com.ar\/wp-content\/uploads\/2013\/05\/med_132_3383.jpg",500,281,false],"chromenews-large":["https:\/\/curva1.com.ar\/wp-content\/uploads\/2013\/05\/med_132_3383.jpg",500,281,false],"chromenews-medium":["https:\/\/curva1.com.ar\/wp-content\/uploads\/2013\/05\/med_132_3383.jpg",500,281,false]},"author_info":{"display_name":"Jos\u00e9 Bravo","author_link":"https:\/\/curva1.com.ar\/?author=1"},"category_info":"<a href=\"https:\/\/curva1.com.ar\/?cat=6\" rel=\"category\">Nacionales<\/a>","tag_info":"Nacionales","comment_count":"0","_links":{"self":[{"href":"https:\/\/curva1.com.ar\/index.php?rest_route=\/wp\/v2\/posts\/5906","targetHints":{"allow":["GET"]}}],"collection":[{"href":"https:\/\/curva1.com.ar\/index.php?rest_route=\/wp\/v2\/posts"}],"about":[{"href":"https:\/\/curva1.com.ar\/index.php?rest_route=\/wp\/v2\/types\/post"}],"author":[{"embeddable":true,"href":"https:\/\/curva1.com.ar\/index.php?rest_route=\/wp\/v2\/users\/1"}],"replies":[{"embeddable":true,"href":"https:\/\/curva1.com.ar\/index.php?rest_route=%2Fwp%2Fv2%2Fcomments&post=5906"}],"version-history":[{"count":2,"href":"https:\/\/curva1.com.ar\/index.php?rest_route=\/wp\/v2\/posts\/5906\/revisions"}],"predecessor-version":[{"id":5909,"href":"https:\/\/curva1.com.ar\/index.php?rest_route=\/wp\/v2\/posts\/5906\/revisions\/5909"}],"wp:featuredmedia":[{"embeddable":true,"href":"https:\/\/curva1.com.ar\/index.php?rest_route=\/wp\/v2\/media\/5907"}],"wp:attachment":[{"href":"https:\/\/curva1.com.ar\/index.php?rest_route=%2Fwp%2Fv2%2Fmedia&parent=5906"}],"wp:term":[{"taxonomy":"category","embeddable":true,"href":"https:\/\/curva1.com.ar\/index.php?rest_route=%2Fwp%2Fv2%2Fcategories&post=5906"},{"taxonomy":"post_tag","embeddable":true,"href":"https:\/\/curva1.com.ar\/index.php?rest_route=%2Fwp%2Fv2%2Ftags&post=5906"}],"curies":[{"name":"wp","href":"https:\/\/api.w.org\/{rel}","templated":true}]}}