{"id":5995,"date":"2013-05-06T11:09:09","date_gmt":"2013-05-06T14:09:09","guid":{"rendered":"http:\/\/www.curva1.com.ar\/?p=5995"},"modified":"2013-05-06T11:29:04","modified_gmt":"2013-05-06T14:29:04","slug":"los-podios-de-la-2o-fecha-de-superbikes-en-el-zonal-cuyano","status":"publish","type":"post","link":"https:\/\/curva1.com.ar\/?p=5995","title":{"rendered":"Los podios de la 2\u00ba fecha de Superbikes en el Zonal Cuyano"},"content":{"rendered":"<p><img loading=\"lazy\" decoding=\"async\" class=\"aligncenter size-full wp-image-6000\" alt=\"IMG_4329\" src=\"http:\/\/www.curva1.com.ar\/wp-content\/uploads\/2013\/05\/IMG_4329.jpg\" width=\"500\" height=\"281\" srcset=\"https:\/\/curva1.com.ar\/wp-content\/uploads\/2013\/05\/IMG_4329.jpg 500w, https:\/\/curva1.com.ar\/wp-content\/uploads\/2013\/05\/IMG_4329-300x169.jpg 300w\" sizes=\"auto, (max-width: 500px) 100vw, 500px\" \/><\/p>\n<p>Ayer se disput\u00f3 junto al Zonal Cuyano de Autos y el GP Vendimia, la 2\u00ba cita de las Superbikes, distribuidas en sus dos categor\u00edas.<\/p>\n<p>Jorge Caicedo con Kawasaki triunf\u00f3 en la divisional Moto GP, mientras que tambi\u00e9n subieron al podio Lucas Molina y N\u00e9stor Carre\u00f1o.<\/p>\n<p>En la Motos 1 Walter Guardia se llev\u00f3 la victoria, seguido de Javier Romero y Mauricio Aparo.<\/p>\n<p>La final del domingo se detuvo con bandera roja por un fuerte accidente, donde el piloto sali\u00f3 ileso, aunque su moto sufri\u00f3 fuertes da\u00f1os.<\/p>\n<p><img loading=\"lazy\" decoding=\"async\" class=\"aligncenter size-full wp-image-6017\" alt=\"IMG_4288\" src=\"http:\/\/www.curva1.com.ar\/wp-content\/uploads\/2013\/05\/IMG_4288.jpg\" width=\"500\" height=\"281\" srcset=\"https:\/\/curva1.com.ar\/wp-content\/uploads\/2013\/05\/IMG_4288.jpg 500w, https:\/\/curva1.com.ar\/wp-content\/uploads\/2013\/05\/IMG_4288-300x169.jpg 300w\" sizes=\"auto, (max-width: 500px) 100vw, 500px\" \/><\/p>\n<p><img loading=\"lazy\" decoding=\"async\" class=\"aligncenter size-full wp-image-5999\" alt=\"IMG_4326\" src=\"http:\/\/www.curva1.com.ar\/wp-content\/uploads\/2013\/05\/IMG_4326.jpg\" width=\"500\" height=\"281\" srcset=\"https:\/\/curva1.com.ar\/wp-content\/uploads\/2013\/05\/IMG_4326.jpg 500w, https:\/\/curva1.com.ar\/wp-content\/uploads\/2013\/05\/IMG_4326-300x169.jpg 300w\" sizes=\"auto, (max-width: 500px) 100vw, 500px\" \/> <img loading=\"lazy\" decoding=\"async\" class=\"aligncenter size-full wp-image-5998\" alt=\"IMG_4321\" src=\"http:\/\/www.curva1.com.ar\/wp-content\/uploads\/2013\/05\/IMG_4321.jpg\" width=\"500\" height=\"281\" srcset=\"https:\/\/curva1.com.ar\/wp-content\/uploads\/2013\/05\/IMG_4321.jpg 500w, https:\/\/curva1.com.ar\/wp-content\/uploads\/2013\/05\/IMG_4321-300x169.jpg 300w\" sizes=\"auto, (max-width: 500px) 100vw, 500px\" \/> <img loading=\"lazy\" decoding=\"async\" class=\"aligncenter size-full wp-image-5997\" alt=\"IMG_4294\" src=\"http:\/\/www.curva1.com.ar\/wp-content\/uploads\/2013\/05\/IMG_4294.jpg\" width=\"500\" height=\"281\" srcset=\"https:\/\/curva1.com.ar\/wp-content\/uploads\/2013\/05\/IMG_4294.jpg 500w, https:\/\/curva1.com.ar\/wp-content\/uploads\/2013\/05\/IMG_4294-300x169.jpg 300w\" sizes=\"auto, (max-width: 500px) 100vw, 500px\" \/> <img loading=\"lazy\" decoding=\"async\" class=\"aligncenter size-full wp-image-5996\" alt=\"IMG_4290\" src=\"http:\/\/www.curva1.com.ar\/wp-content\/uploads\/2013\/05\/IMG_4290.jpg\" width=\"500\" height=\"281\" srcset=\"https:\/\/curva1.com.ar\/wp-content\/uploads\/2013\/05\/IMG_4290.jpg 500w, https:\/\/curva1.com.ar\/wp-content\/uploads\/2013\/05\/IMG_4290-300x169.jpg 300w\" sizes=\"auto, (max-width: 500px) 100vw, 500px\" \/> <img loading=\"lazy\" decoding=\"async\" class=\"aligncenter size-full wp-image-5963\" alt=\"IMG_4554\" src=\"http:\/\/www.curva1.com.ar\/wp-content\/uploads\/2013\/05\/IMG_4554.jpg\" width=\"500\" height=\"281\" srcset=\"https:\/\/curva1.com.ar\/wp-content\/uploads\/2013\/05\/IMG_4554.jpg 500w, https:\/\/curva1.com.ar\/wp-content\/uploads\/2013\/05\/IMG_4554-300x169.jpg 300w\" sizes=\"auto, (max-width: 500px) 100vw, 500px\" \/> <img loading=\"lazy\" decoding=\"async\" class=\"aligncenter size-full wp-image-5962\" alt=\"IMG_4552\" src=\"http:\/\/www.curva1.com.ar\/wp-content\/uploads\/2013\/05\/IMG_4552.jpg\" width=\"500\" height=\"281\" srcset=\"https:\/\/curva1.com.ar\/wp-content\/uploads\/2013\/05\/IMG_4552.jpg 500w, https:\/\/curva1.com.ar\/wp-content\/uploads\/2013\/05\/IMG_4552-300x169.jpg 300w\" sizes=\"auto, (max-width: 500px) 100vw, 500px\" \/><\/p>\n","protected":false},"excerpt":{"rendered":"<p>Ayer se disput\u00f3 junto al Zonal Cuyano de Autos y el GP Vendimia, la 2\u00ba<\/p>\n","protected":false},"author":1,"featured_media":6000,"comment_status":"open","ping_status":"closed","sticky":false,"template":"","format":"standard","meta":{"footnotes":""},"categories":[10,1],"tags":[],"class_list":["post-5995","post","type-post","status-publish","format-standard","has-post-thumbnail","hentry","category-motos","category-zonal-cuyano"],"featured_image_urls":{"full":["https:\/\/curva1.com.ar\/wp-content\/uploads\/2013\/05\/IMG_4329.jpg",500,281,false],"thumbnail":["https:\/\/curva1.com.ar\/wp-content\/uploads\/2013\/05\/IMG_4329-300x169.jpg",300,169,true],"medium":["https:\/\/curva1.com.ar\/wp-content\/uploads\/2013\/05\/IMG_4329.jpg",500,281,false],"medium_large":["https:\/\/curva1.com.ar\/wp-content\/uploads\/2013\/05\/IMG_4329.jpg",500,281,false],"large":["https:\/\/curva1.com.ar\/wp-content\/uploads\/2013\/05\/IMG_4329.jpg",500,281,false],"1536x1536":["https:\/\/curva1.com.ar\/wp-content\/uploads\/2013\/05\/IMG_4329.jpg",500,281,false],"2048x2048":["https:\/\/curva1.com.ar\/wp-content\/uploads\/2013\/05\/IMG_4329.jpg",500,281,false],"chromenews-featured":["https:\/\/curva1.com.ar\/wp-content\/uploads\/2013\/05\/IMG_4329.jpg",500,281,false],"chromenews-large":["https:\/\/curva1.com.ar\/wp-content\/uploads\/2013\/05\/IMG_4329.jpg",500,281,false],"chromenews-medium":["https:\/\/curva1.com.ar\/wp-content\/uploads\/2013\/05\/IMG_4329.jpg",500,281,false]},"author_info":{"display_name":"Jos\u00e9 Bravo","author_link":"https:\/\/curva1.com.ar\/?author=1"},"category_info":"<a href=\"https:\/\/curva1.com.ar\/?cat=10\" rel=\"category\">Motos<\/a> <a href=\"https:\/\/curva1.com.ar\/?cat=1\" rel=\"category\">Zonal Cuyano<\/a>","tag_info":"Zonal Cuyano","comment_count":"0","_links":{"self":[{"href":"https:\/\/curva1.com.ar\/index.php?rest_route=\/wp\/v2\/posts\/5995","targetHints":{"allow":["GET"]}}],"collection":[{"href":"https:\/\/curva1.com.ar\/index.php?rest_route=\/wp\/v2\/posts"}],"about":[{"href":"https:\/\/curva1.com.ar\/index.php?rest_route=\/wp\/v2\/types\/post"}],"author":[{"embeddable":true,"href":"https:\/\/curva1.com.ar\/index.php?rest_route=\/wp\/v2\/users\/1"}],"replies":[{"embeddable":true,"href":"https:\/\/curva1.com.ar\/index.php?rest_route=%2Fwp%2Fv2%2Fcomments&post=5995"}],"version-history":[{"count":4,"href":"https:\/\/curva1.com.ar\/index.php?rest_route=\/wp\/v2\/posts\/5995\/revisions"}],"predecessor-version":[{"id":6002,"href":"https:\/\/curva1.com.ar\/index.php?rest_route=\/wp\/v2\/posts\/5995\/revisions\/6002"}],"wp:featuredmedia":[{"embeddable":true,"href":"https:\/\/curva1.com.ar\/index.php?rest_route=\/wp\/v2\/media\/6000"}],"wp:attachment":[{"href":"https:\/\/curva1.com.ar\/index.php?rest_route=%2Fwp%2Fv2%2Fmedia&parent=5995"}],"wp:term":[{"taxonomy":"category","embeddable":true,"href":"https:\/\/curva1.com.ar\/index.php?rest_route=%2Fwp%2Fv2%2Fcategories&post=5995"},{"taxonomy":"post_tag","embeddable":true,"href":"https:\/\/curva1.com.ar\/index.php?rest_route=%2Fwp%2Fv2%2Ftags&post=5995"}],"curies":[{"name":"wp","href":"https:\/\/api.w.org\/{rel}","templated":true}]}}