{"id":6047,"date":"2013-05-07T15:15:40","date_gmt":"2013-05-07T18:15:40","guid":{"rendered":"http:\/\/www.curva1.com.ar\/?p=6047"},"modified":"2013-05-07T15:17:16","modified_gmt":"2013-05-07T18:17:16","slug":"primera-reunion-en-san-rafael-del-comite-provincial-con-aso-por-el-dakar-2014","status":"publish","type":"post","link":"https:\/\/curva1.com.ar\/?p=6047","title":{"rendered":"Primera reuni\u00f3n en San Rafael del Comite Provincial con ASO para organizar el Dakar 2014"},"content":{"rendered":"<p>El pr\u00f3ximo martes 7 de mayo se realizar\u00e1 la conferencia de prensa y primera reuni\u00f3n del Comit\u00e9 Provincial con ASO Francia, con vistas a lo que ser\u00e1 el Dakar 2014.<\/p>\n<p>Ser\u00e1 a las 18:30hs en el Centro de Congresos de San Rafael, Mendoza.<\/p>\n<p><img loading=\"lazy\" decoding=\"async\" class=\"aligncenter size-full wp-image-6048\" alt=\"945599_566194860100025_1876114355_n\" src=\"http:\/\/www.curva1.com.ar\/wp-content\/uploads\/2013\/05\/945599_566194860100025_1876114355_n.jpg\" width=\"500\" height=\"390\" srcset=\"https:\/\/curva1.com.ar\/wp-content\/uploads\/2013\/05\/945599_566194860100025_1876114355_n.jpg 500w, https:\/\/curva1.com.ar\/wp-content\/uploads\/2013\/05\/945599_566194860100025_1876114355_n-432x337.jpg 432w\" sizes=\"auto, (max-width: 500px) 100vw, 500px\" \/><\/p>\n","protected":false},"excerpt":{"rendered":"<p>El pr\u00f3ximo martes 7 de mayo se realizar\u00e1 la conferencia de prensa y primera reuni\u00f3n<\/p>\n","protected":false},"author":1,"featured_media":6049,"comment_status":"open","ping_status":"closed","sticky":false,"template":"","format":"standard","meta":{"footnotes":""},"categories":[1],"tags":[],"class_list":["post-6047","post","type-post","status-publish","format-standard","has-post-thumbnail","hentry","category-zonal-cuyano"],"featured_image_urls":{"full":["https:\/\/curva1.com.ar\/wp-content\/uploads\/2013\/05\/centrocongresosSR04.jpg",265,149,false],"thumbnail":["https:\/\/curva1.com.ar\/wp-content\/uploads\/2013\/05\/centrocongresosSR04.jpg",265,149,false],"medium":["https:\/\/curva1.com.ar\/wp-content\/uploads\/2013\/05\/centrocongresosSR04.jpg",265,149,false],"medium_large":["https:\/\/curva1.com.ar\/wp-content\/uploads\/2013\/05\/centrocongresosSR04.jpg",265,149,false],"large":["https:\/\/curva1.com.ar\/wp-content\/uploads\/2013\/05\/centrocongresosSR04.jpg",265,149,false],"1536x1536":["https:\/\/curva1.com.ar\/wp-content\/uploads\/2013\/05\/centrocongresosSR04.jpg",265,149,false],"2048x2048":["https:\/\/curva1.com.ar\/wp-content\/uploads\/2013\/05\/centrocongresosSR04.jpg",265,149,false],"chromenews-featured":["https:\/\/curva1.com.ar\/wp-content\/uploads\/2013\/05\/centrocongresosSR04.jpg",265,149,false],"chromenews-large":["https:\/\/curva1.com.ar\/wp-content\/uploads\/2013\/05\/centrocongresosSR04.jpg",265,149,false],"chromenews-medium":["https:\/\/curva1.com.ar\/wp-content\/uploads\/2013\/05\/centrocongresosSR04.jpg",265,149,false]},"author_info":{"display_name":"Jos\u00e9 Bravo","author_link":"https:\/\/curva1.com.ar\/?author=1"},"category_info":"<a href=\"https:\/\/curva1.com.ar\/?cat=1\" rel=\"category\">Zonal Cuyano<\/a>","tag_info":"Zonal Cuyano","comment_count":"0","_links":{"self":[{"href":"https:\/\/curva1.com.ar\/index.php?rest_route=\/wp\/v2\/posts\/6047","targetHints":{"allow":["GET"]}}],"collection":[{"href":"https:\/\/curva1.com.ar\/index.php?rest_route=\/wp\/v2\/posts"}],"about":[{"href":"https:\/\/curva1.com.ar\/index.php?rest_route=\/wp\/v2\/types\/post"}],"author":[{"embeddable":true,"href":"https:\/\/curva1.com.ar\/index.php?rest_route=\/wp\/v2\/users\/1"}],"replies":[{"embeddable":true,"href":"https:\/\/curva1.com.ar\/index.php?rest_route=%2Fwp%2Fv2%2Fcomments&post=6047"}],"version-history":[{"count":3,"href":"https:\/\/curva1.com.ar\/index.php?rest_route=\/wp\/v2\/posts\/6047\/revisions"}],"predecessor-version":[{"id":6051,"href":"https:\/\/curva1.com.ar\/index.php?rest_route=\/wp\/v2\/posts\/6047\/revisions\/6051"}],"wp:featuredmedia":[{"embeddable":true,"href":"https:\/\/curva1.com.ar\/index.php?rest_route=\/wp\/v2\/media\/6049"}],"wp:attachment":[{"href":"https:\/\/curva1.com.ar\/index.php?rest_route=%2Fwp%2Fv2%2Fmedia&parent=6047"}],"wp:term":[{"taxonomy":"category","embeddable":true,"href":"https:\/\/curva1.com.ar\/index.php?rest_route=%2Fwp%2Fv2%2Fcategories&post=6047"},{"taxonomy":"post_tag","embeddable":true,"href":"https:\/\/curva1.com.ar\/index.php?rest_route=%2Fwp%2Fv2%2Ftags&post=6047"}],"curies":[{"name":"wp","href":"https:\/\/api.w.org\/{rel}","templated":true}]}}