{"id":6235,"date":"2013-05-11T21:41:30","date_gmt":"2013-05-12T00:41:30","guid":{"rendered":"http:\/\/www.curva1.com.ar\/?p=6235"},"modified":"2013-05-11T22:50:15","modified_gmt":"2013-05-12T01:50:15","slug":"llaver-y-santero-comenzaron-muy-afilados-en-el-zonda-de-san-juan","status":"publish","type":"post","link":"https:\/\/curva1.com.ar\/?p=6235","title":{"rendered":"Llaver y Santero comenzaron muy afilados en el Zonda de San Juan"},"content":{"rendered":"<p><img loading=\"lazy\" decoding=\"async\" class=\"aligncenter size-full wp-image-6237\" alt=\"0037\" src=\"http:\/\/www.curva1.com.ar\/wp-content\/uploads\/2013\/05\/0037.jpg\" width=\"450\" height=\"253\" srcset=\"https:\/\/curva1.com.ar\/wp-content\/uploads\/2013\/05\/0037.jpg 450w, https:\/\/curva1.com.ar\/wp-content\/uploads\/2013\/05\/0037-300x169.jpg 300w\" sizes=\"auto, (max-width: 450px) 100vw, 450px\" \/><\/p>\n<p>Los mendocinos tuvieron una excelente jornada sabatina de clasificaci\u00f3n.<\/p>\n<p>Juli\u00e1n Santero lider\u00f3 los entrenamientos, pero a la hora de clasificar consigui\u00f3 el 2\u00ba lugar en los tiempos, por lo que largar\u00e1 la carrera de la F\u00f3rmula Renault 2.0 desde la primera fila.<\/p>\n<p>Berni Llaver hizo un gran trabajo y clasific\u00f3 4\u00ba ubic\u00e1ndose a 0\u00b4197 del poleman, Jos\u00e9 Mar\u00eda L\u00f3pez. Con esto, Llaver ingresa por segunda vez consecutiva al &#8220;S\u00faper 8&#8221; y tambi\u00e9n por segunda vez consecutiva se enfrentar a un compa\u00f1ero de equipo. La carrera pasada lo hizo con Mat\u00edas Rossi, ma\u00f1ana le toca con Mariano Werner.<\/p>\n<p><img loading=\"lazy\" decoding=\"async\" class=\"aligncenter size-full wp-image-6240\" alt=\"0130\" src=\"http:\/\/www.curva1.com.ar\/wp-content\/uploads\/2013\/05\/0130.jpg\" width=\"500\" height=\"282\" srcset=\"https:\/\/curva1.com.ar\/wp-content\/uploads\/2013\/05\/0130.jpg 500w, https:\/\/curva1.com.ar\/wp-content\/uploads\/2013\/05\/0130-300x169.jpg 300w\" sizes=\"auto, (max-width: 500px) 100vw, 500px\" \/><\/p>\n","protected":false},"excerpt":{"rendered":"<p>Los mendocinos tuvieron una excelente jornada sabatina de clasificaci\u00f3n. Juli\u00e1n Santero lider\u00f3 los entrenamientos, pero<\/p>\n","protected":false},"author":1,"featured_media":6236,"comment_status":"open","ping_status":"closed","sticky":false,"template":"","format":"standard","meta":{"footnotes":""},"categories":[6],"tags":[],"class_list":["post-6235","post","type-post","status-publish","format-standard","has-post-thumbnail","hentry","category-nacionales"],"featured_image_urls":{"full":["https:\/\/curva1.com.ar\/wp-content\/uploads\/2013\/05\/SANTER2013sjnO.jpg",250,141,false],"thumbnail":["https:\/\/curva1.com.ar\/wp-content\/uploads\/2013\/05\/SANTER2013sjnO.jpg",250,141,false],"medium":["https:\/\/curva1.com.ar\/wp-content\/uploads\/2013\/05\/SANTER2013sjnO.jpg",250,141,false],"medium_large":["https:\/\/curva1.com.ar\/wp-content\/uploads\/2013\/05\/SANTER2013sjnO.jpg",250,141,false],"large":["https:\/\/curva1.com.ar\/wp-content\/uploads\/2013\/05\/SANTER2013sjnO.jpg",250,141,false],"1536x1536":["https:\/\/curva1.com.ar\/wp-content\/uploads\/2013\/05\/SANTER2013sjnO.jpg",250,141,false],"2048x2048":["https:\/\/curva1.com.ar\/wp-content\/uploads\/2013\/05\/SANTER2013sjnO.jpg",250,141,false],"chromenews-featured":["https:\/\/curva1.com.ar\/wp-content\/uploads\/2013\/05\/SANTER2013sjnO.jpg",250,141,false],"chromenews-large":["https:\/\/curva1.com.ar\/wp-content\/uploads\/2013\/05\/SANTER2013sjnO.jpg",250,141,false],"chromenews-medium":["https:\/\/curva1.com.ar\/wp-content\/uploads\/2013\/05\/SANTER2013sjnO.jpg",250,141,false]},"author_info":{"display_name":"Jos\u00e9 Bravo","author_link":"https:\/\/curva1.com.ar\/?author=1"},"category_info":"<a href=\"https:\/\/curva1.com.ar\/?cat=6\" rel=\"category\">Nacionales<\/a>","tag_info":"Nacionales","comment_count":"0","_links":{"self":[{"href":"https:\/\/curva1.com.ar\/index.php?rest_route=\/wp\/v2\/posts\/6235","targetHints":{"allow":["GET"]}}],"collection":[{"href":"https:\/\/curva1.com.ar\/index.php?rest_route=\/wp\/v2\/posts"}],"about":[{"href":"https:\/\/curva1.com.ar\/index.php?rest_route=\/wp\/v2\/types\/post"}],"author":[{"embeddable":true,"href":"https:\/\/curva1.com.ar\/index.php?rest_route=\/wp\/v2\/users\/1"}],"replies":[{"embeddable":true,"href":"https:\/\/curva1.com.ar\/index.php?rest_route=%2Fwp%2Fv2%2Fcomments&post=6235"}],"version-history":[{"count":3,"href":"https:\/\/curva1.com.ar\/index.php?rest_route=\/wp\/v2\/posts\/6235\/revisions"}],"predecessor-version":[{"id":6239,"href":"https:\/\/curva1.com.ar\/index.php?rest_route=\/wp\/v2\/posts\/6235\/revisions\/6239"}],"wp:featuredmedia":[{"embeddable":true,"href":"https:\/\/curva1.com.ar\/index.php?rest_route=\/wp\/v2\/media\/6236"}],"wp:attachment":[{"href":"https:\/\/curva1.com.ar\/index.php?rest_route=%2Fwp%2Fv2%2Fmedia&parent=6235"}],"wp:term":[{"taxonomy":"category","embeddable":true,"href":"https:\/\/curva1.com.ar\/index.php?rest_route=%2Fwp%2Fv2%2Fcategories&post=6235"},{"taxonomy":"post_tag","embeddable":true,"href":"https:\/\/curva1.com.ar\/index.php?rest_route=%2Fwp%2Fv2%2Ftags&post=6235"}],"curies":[{"name":"wp","href":"https:\/\/api.w.org\/{rel}","templated":true}]}}