{"id":6244,"date":"2013-05-12T20:14:55","date_gmt":"2013-05-12T23:14:55","guid":{"rendered":"http:\/\/www.curva1.com.ar\/?p=6244"},"modified":"2013-05-12T20:16:11","modified_gmt":"2013-05-12T23:16:11","slug":"santero-subio-al-podio-en-san-juan-y-sigue-liderando-en-la-formula","status":"publish","type":"post","link":"https:\/\/curva1.com.ar\/?p=6244","title":{"rendered":"Santero subi\u00f3 al podio en San Juan y sigue liderando en la F\u00f3rmula"},"content":{"rendered":"<p><img loading=\"lazy\" decoding=\"async\" class=\"aligncenter size-full wp-image-6245\" alt=\"0088\" src=\"http:\/\/www.curva1.com.ar\/wp-content\/uploads\/2013\/05\/0088.jpg\" width=\"500\" height=\"281\" srcset=\"https:\/\/curva1.com.ar\/wp-content\/uploads\/2013\/05\/0088.jpg 500w, https:\/\/curva1.com.ar\/wp-content\/uploads\/2013\/05\/0088-300x169.jpg 300w\" sizes=\"auto, (max-width: 500px) 100vw, 500px\" \/><\/p>\n<p><b>Manuel Luque<\/b>\u00a0de\u00a0<b>Litoral Group<\/b>\u00a0se qued\u00f3 con una gran victoria tras luchar vuelta a vuelta con\u00a0<b>Juli\u00e1n Santero<\/b>\u00a0de<b>GWC<\/b>\u00a0en el aut\u00f3dromo\u00a0<b>El Zonda-Eduardo Copello de San Juan<\/b>, donde se disput\u00f3 la tercera etapa de la temporada. De gran actuaci\u00f3n,\u00a0<b>Marcelo Ciarrocchi<\/b>\u00a0de\u00a0<b>Croizet Racing<\/b>\u00a0se qued\u00f3 con el tercer lugar del podio.<\/p>\n<p>En la agradable ma\u00f1ana sanjuanina, la categor\u00eda escuela se predispon\u00eda a desarrollar su tercer compromiso de la temporada en el desafiante Zonda-Eduardo Copello. Manuel Luque, se afianzaba como principal protagonista tras mantener una gran regularidad tanto en los entrenamientos como en clasificaci\u00f3n, donde logr\u00f3 su primera Pole Position de la divisional.<\/p>\n<p>Juli\u00e1n Santero, el l\u00edder del torneo, part\u00eda desde la segunda colocaci\u00f3n, prometiendo de antemano un gran duelo con el representante de Litoral Group a lo largo de las 18 vueltas con las que cont\u00f3 este compromiso.<\/p>\n<p>Ante la se\u00f1al de largada, Luque larg\u00f3 desde el sector interno, mientras que Santero no resignaba potencial y en los primeros tramos de carrera disputaron el liderazgo de la posici\u00f3n de privilegio palmo a palmo. Finalmente, y tras grandes maniobras en el dif\u00edcil sector de \u201cLa Viborita\u201d, el representante de GWC dio cuenta de Luque en el transito del Rulo, al superarlo por la l\u00ednea interna.<\/p>\n<p>Quien no pudo hacer valer su posici\u00f3n fue el j\u00f3ven Santiago Piovano, que largaba desde el tercer lugar, pero llegado el momento de engrillar para la largada su unidad se detuvo. Pese a que pudo ponerla nuevamente en marcha debi\u00f3 reiniciar la prueba desde la \u00faltima posici\u00f3n. Finalmente, abandonar\u00eda a poco el comienzo.<\/p>\n<p>Otro que tuvo inconvenientes en la largada fue el chileno Felipe Schmauk, a quien se le trab\u00f3 la caja de velocidades y perdi\u00f3 ubicaciones tras partir desde el 4to puesto.<\/p>\n<p>A causa del despiste de Francisco Camarotta en la horquilla, la carrera se vi\u00f3 interrumpida con bandera amarilla al cumplirse el primer giro de carrera.<\/p>\n<p>En el transcurso de la 6\u00b0 vuelta, Luque aprovech\u00f3 el buen viraje de su unidad para recuperar el primer lugar con una gran maniobra al cambiarle la trayectoria a Santero y superarlo en la horquilla.<\/p>\n<p>El nuevo puntero de la carrera logr\u00f3 una mejor tracci\u00f3n en la \u00faltima curva del trazado, lo que le permiti\u00f3 hacer una diferencia de casi un segundo respecto a su predecesor. Distancia que se fue acrecentando con el desarrollo de la competencia, dominando a voluntad. Santero, por su parte, acrecentaba su ritmo pero no le alcanzaba para buscar el primer lugar.<\/p>\n<p>Con una diferencia de casi dos segundos, el piloto de Villa Carlos Paz consegu\u00eda de esta manera su primera victoria en la F\u00f3rmula Renault 2.0.<\/p>\n<p><img loading=\"lazy\" decoding=\"async\" class=\"aligncenter size-full wp-image-6247\" alt=\"0048\" src=\"http:\/\/www.curva1.com.ar\/wp-content\/uploads\/2013\/05\/0048.jpg\" width=\"500\" height=\"281\" srcset=\"https:\/\/curva1.com.ar\/wp-content\/uploads\/2013\/05\/0048.jpg 500w, https:\/\/curva1.com.ar\/wp-content\/uploads\/2013\/05\/0048-300x169.jpg 300w\" sizes=\"auto, (max-width: 500px) 100vw, 500px\" \/> <img loading=\"lazy\" decoding=\"async\" class=\"aligncenter size-full wp-image-6248\" alt=\"0069\" src=\"http:\/\/www.curva1.com.ar\/wp-content\/uploads\/2013\/05\/0069.jpg\" width=\"500\" height=\"281\" srcset=\"https:\/\/curva1.com.ar\/wp-content\/uploads\/2013\/05\/0069.jpg 500w, https:\/\/curva1.com.ar\/wp-content\/uploads\/2013\/05\/0069-300x169.jpg 300w\" sizes=\"auto, (max-width: 500px) 100vw, 500px\" \/><\/p>\n<p>Gran performance la desarrollada por Marcelo Ciarrocchi del equipo Croizet Racing, que tras partir desde la 7ma colocaci\u00f3n, aprovech\u00f3 el buen potencial de su unidad hacerse due\u00f1o del tercer escal\u00f3n del podio.<\/p>\n<p>Una gran actuaci\u00f3n cumpli\u00f3 tambi\u00e9n Agust\u00edn Lima de GWC, quien arrib\u00f3 en el cuarto lugar con solo dos carreras en la especialidad y defendi\u00f3 muy bien la posici\u00f3n tras los embates de Miguel Calamari y Guillermo Rey (Corsa Racing).<\/p>\n<p>Cerraron el lote de los diez primeros: Agust\u00edn Lima (GWC), Miguel Calamari (GWC), Guillermo Rey (Corsa Racing), Alejandro Wagner (Werner Jr), Amad\u00eds Farina (JLS Motorsport), Pablo Donoso Prado (Bouvier Racing) y Francisco Camarotta (Litoral Group).<\/p>\n<p>El cuarto compromiso de la temporada se desarrollar\u00e1 el 2 de Junio en el aut\u00f3dromo Provincia de La Pampa, ubicado en la ciudad de Toay.<\/p>\n","protected":false},"excerpt":{"rendered":"<p>Manuel Luque\u00a0de\u00a0Litoral Group\u00a0se qued\u00f3 con una gran victoria tras luchar vuelta a vuelta con\u00a0Juli\u00e1n Santero\u00a0deGWC\u00a0en<\/p>\n","protected":false},"author":1,"featured_media":6247,"comment_status":"open","ping_status":"closed","sticky":false,"template":"","format":"standard","meta":{"footnotes":""},"categories":[6],"tags":[],"class_list":["post-6244","post","type-post","status-publish","format-standard","has-post-thumbnail","hentry","category-nacionales"],"featured_image_urls":{"full":["https:\/\/curva1.com.ar\/wp-content\/uploads\/2013\/05\/0048.jpg",500,281,false],"thumbnail":["https:\/\/curva1.com.ar\/wp-content\/uploads\/2013\/05\/0048-300x169.jpg",300,169,true],"medium":["https:\/\/curva1.com.ar\/wp-content\/uploads\/2013\/05\/0048.jpg",500,281,false],"medium_large":["https:\/\/curva1.com.ar\/wp-content\/uploads\/2013\/05\/0048.jpg",500,281,false],"large":["https:\/\/curva1.com.ar\/wp-content\/uploads\/2013\/05\/0048.jpg",500,281,false],"1536x1536":["https:\/\/curva1.com.ar\/wp-content\/uploads\/2013\/05\/0048.jpg",500,281,false],"2048x2048":["https:\/\/curva1.com.ar\/wp-content\/uploads\/2013\/05\/0048.jpg",500,281,false],"chromenews-featured":["https:\/\/curva1.com.ar\/wp-content\/uploads\/2013\/05\/0048.jpg",500,281,false],"chromenews-large":["https:\/\/curva1.com.ar\/wp-content\/uploads\/2013\/05\/0048.jpg",500,281,false],"chromenews-medium":["https:\/\/curva1.com.ar\/wp-content\/uploads\/2013\/05\/0048.jpg",500,281,false]},"author_info":{"display_name":"Jos\u00e9 Bravo","author_link":"https:\/\/curva1.com.ar\/?author=1"},"category_info":"<a href=\"https:\/\/curva1.com.ar\/?cat=6\" rel=\"category\">Nacionales<\/a>","tag_info":"Nacionales","comment_count":"0","yoast_head":"<!-- This site is optimized with the Yoast SEO Premium plugin v14.7 - https:\/\/yoast.com\/wordpress\/plugins\/seo\/ -->\n<title>Santero subi\u00f3 al podio en San Juan y sigue liderando en la F\u00f3rmula - Curva 1<\/title>\n<meta name=\"robots\" content=\"index, follow\" \/>\n<meta name=\"googlebot\" content=\"index, follow, max-snippet:-1, max-image-preview:large, max-video-preview:-1\" \/>\n<meta name=\"bingbot\" content=\"index, follow, max-snippet:-1, max-image-preview:large, max-video-preview:-1\" \/>\n<link rel=\"canonical\" href=\"https:\/\/curva1.com.ar\/?p=6244\" \/>\n<meta property=\"og:locale\" content=\"en_US\" \/>\n<meta property=\"og:type\" content=\"article\" \/>\n<meta property=\"og:title\" content=\"Santero subi\u00f3 al podio en San Juan y sigue liderando en la F\u00f3rmula - Curva 1\" \/>\n<meta property=\"og:description\" content=\"Manuel Luque\u00a0de\u00a0Litoral Group\u00a0se qued\u00f3 con una gran victoria tras luchar vuelta a vuelta con\u00a0Juli\u00e1n Santero\u00a0deGWC\u00a0en\" \/>\n<meta property=\"og:url\" content=\"https:\/\/curva1.com.ar\/?p=6244\" \/>\n<meta property=\"og:site_name\" content=\"Curva 1\" \/>\n<meta property=\"article:publisher\" content=\"https:\/\/www.facebook.com\/revistacurva1\/\" \/>\n<meta property=\"article:published_time\" content=\"2013-05-12T23:14:55+00:00\" \/>\n<meta property=\"article:modified_time\" content=\"2013-05-12T23:16:11+00:00\" \/>\n<meta property=\"og:image\" content=\"https:\/\/curva1.com.ar\/wp-content\/uploads\/2013\/05\/0048.jpg\" \/>\n\t<meta property=\"og:image:width\" content=\"500\" \/>\n\t<meta property=\"og:image:height\" content=\"281\" \/>\n<meta property=\"fb:app_id\" content=\"1593067817533208\" \/>\n<meta name=\"twitter:card\" content=\"summary_large_image\" \/>\n<meta name=\"twitter:creator\" content=\"@curva1mendoza\" \/>\n<meta name=\"twitter:site\" content=\"@curva1mendoza\" \/>\n<script type=\"application\/ld+json\" class=\"yoast-schema-graph\">{\"@context\":\"https:\/\/schema.org\",\"@graph\":[{\"@type\":\"WebSite\",\"@id\":\"https:\/\/curva1.com.ar\/#website\",\"url\":\"https:\/\/curva1.com.ar\/\",\"name\":\"Curva 1\",\"description\":\"Automovilismo de Mendoza\",\"potentialAction\":[{\"@type\":\"SearchAction\",\"target\":\"https:\/\/curva1.com.ar\/?s={search_term_string}\",\"query-input\":\"required name=search_term_string\"}],\"inLanguage\":\"en-US\"},{\"@type\":\"ImageObject\",\"@id\":\"https:\/\/curva1.com.ar\/?p=6244#primaryimage\",\"inLanguage\":\"en-US\",\"url\":\"https:\/\/curva1.com.ar\/wp-content\/uploads\/2013\/05\/0048.jpg\",\"width\":500,\"height\":281},{\"@type\":\"WebPage\",\"@id\":\"https:\/\/curva1.com.ar\/?p=6244#webpage\",\"url\":\"https:\/\/curva1.com.ar\/?p=6244\",\"name\":\"Santero subi\\u00f3 al podio en San Juan y sigue liderando en la F\\u00f3rmula - Curva 1\",\"isPartOf\":{\"@id\":\"https:\/\/curva1.com.ar\/#website\"},\"primaryImageOfPage\":{\"@id\":\"https:\/\/curva1.com.ar\/?p=6244#primaryimage\"},\"datePublished\":\"2013-05-12T23:14:55+00:00\",\"dateModified\":\"2013-05-12T23:16:11+00:00\",\"author\":{\"@id\":\"https:\/\/curva1.com.ar\/#\/schema\/person\/f5fd12984d70df7314fbd9ab42f31033\"},\"inLanguage\":\"en-US\",\"potentialAction\":[{\"@type\":\"ReadAction\",\"target\":[\"https:\/\/curva1.com.ar\/?p=6244\"]}]},{\"@type\":[\"Person\"],\"@id\":\"https:\/\/curva1.com.ar\/#\/schema\/person\/f5fd12984d70df7314fbd9ab42f31033\",\"name\":\"Jos\\u00e9 Bravo\",\"image\":{\"@type\":\"ImageObject\",\"@id\":\"https:\/\/curva1.com.ar\/#personlogo\",\"inLanguage\":\"en-US\",\"url\":\"https:\/\/secure.gravatar.com\/avatar\/3ae0b1fdc6ddeb723a6e6c23609ed39de1d40a94b8112fd2c0c2032e2dabf28b?s=96&d=identicon&r=g\",\"caption\":\"Jos\\u00e9 Bravo\"}}]}<\/script>\n<!-- \/ Yoast SEO Premium plugin. -->","_links":{"self":[{"href":"https:\/\/curva1.com.ar\/index.php?rest_route=\/wp\/v2\/posts\/6244","targetHints":{"allow":["GET"]}}],"collection":[{"href":"https:\/\/curva1.com.ar\/index.php?rest_route=\/wp\/v2\/posts"}],"about":[{"href":"https:\/\/curva1.com.ar\/index.php?rest_route=\/wp\/v2\/types\/post"}],"author":[{"embeddable":true,"href":"https:\/\/curva1.com.ar\/index.php?rest_route=\/wp\/v2\/users\/1"}],"replies":[{"embeddable":true,"href":"https:\/\/curva1.com.ar\/index.php?rest_route=%2Fwp%2Fv2%2Fcomments&post=6244"}],"version-history":[{"count":3,"href":"https:\/\/curva1.com.ar\/index.php?rest_route=\/wp\/v2\/posts\/6244\/revisions"}],"predecessor-version":[{"id":6249,"href":"https:\/\/curva1.com.ar\/index.php?rest_route=\/wp\/v2\/posts\/6244\/revisions\/6249"}],"wp:featuredmedia":[{"embeddable":true,"href":"https:\/\/curva1.com.ar\/index.php?rest_route=\/wp\/v2\/media\/6247"}],"wp:attachment":[{"href":"https:\/\/curva1.com.ar\/index.php?rest_route=%2Fwp%2Fv2%2Fmedia&parent=6244"}],"wp:term":[{"taxonomy":"category","embeddable":true,"href":"https:\/\/curva1.com.ar\/index.php?rest_route=%2Fwp%2Fv2%2Fcategories&post=6244"},{"taxonomy":"post_tag","embeddable":true,"href":"https:\/\/curva1.com.ar\/index.php?rest_route=%2Fwp%2Fv2%2Ftags&post=6244"}],"curies":[{"name":"wp","href":"https:\/\/api.w.org\/{rel}","templated":true}]}}