{"id":6288,"date":"2013-05-13T18:12:29","date_gmt":"2013-05-13T21:12:29","guid":{"rendered":"http:\/\/www.curva1.com.ar\/?p=6288"},"modified":"2013-05-13T18:12:29","modified_gmt":"2013-05-13T21:12:29","slug":"facundo-della-motta-termino-4o-en-la-eurocup-clio-en-imola","status":"publish","type":"post","link":"https:\/\/curva1.com.ar\/?p=6288","title":{"rendered":"Facundo Della Motta termin\u00f3 4\u00ba en la Eurocup Clio en Imola"},"content":{"rendered":"<p><img loading=\"lazy\" decoding=\"async\" class=\"aligncenter size-full wp-image-6289\" alt=\"Della\" src=\"http:\/\/www.curva1.com.ar\/wp-content\/uploads\/2013\/05\/Della.jpg\" width=\"500\" height=\"281\" srcset=\"https:\/\/curva1.com.ar\/wp-content\/uploads\/2013\/05\/Della.jpg 500w, https:\/\/curva1.com.ar\/wp-content\/uploads\/2013\/05\/Della-300x169.jpg 300w\" sizes=\"auto, (max-width: 500px) 100vw, 500px\" \/><\/p>\n<p>El piloto sanjuanino tuvo un destacado debut en la Eurocup Clio en el &#8220;Enzo y Dino Ferrari&#8221; de Imola y remont\u00f3 en las dos carreras, 13\u00b0 y 4\u00b0.<\/p>\n<p>Facundo Della Motta (Milan Competition) hizo su primera presentaci\u00f3n en la categor\u00eda monomarca y consigui\u00f3 dos meritorios resultados, 13\u00b0 en la primera carrera y 4\u00b0 en la restante.<\/p>\n<p>En la Carrera 1, el sanjuanino part\u00ed\u00f3 desde la 33a. posici\u00f3n de la grilla y logr\u00f3 avanzar sostenidamente a pesar de la pista h\u00fameda, hasta recibir la bandera de cuadros en la 13a. posici\u00f3n em esta competencia ganada por el brit\u00e1nico Josh Files.<\/p>\n<p>Para la segunda, el 11\u00b0 puesto de salida le abr\u00eda una posibilidad de destaque y fue concretando maniobras de sobrepaso hasta colocarse en 4\u00b0 lugar y ara\u00f1ar un sitio en el podio en su debut en la categor\u00eda, el triunfo le correspondi\u00f3 al italiano Massimiliano Pedal\u00e1.<\/p>\n<p>Della Motta coment\u00f3 su actuaci\u00f3n y dijo:\u00a0<strong><em>\u201cLa largada de la primera carrera fu\u00e9 bastante complicada y tuve un roce en el primer frenaje lo cual me retras\u00f3 bastante. A partir de all\u00ed, a pesar de la pista h\u00fameda y con el auto algo inestable, pude avanzar con sobre pasos y algunos despistes delante de m\u00ed. Una pena haber largado tan atr\u00e1s por que podr\u00eda haber sumado muchos puntos desde el vamos&#8221;.<\/em><\/strong><\/p>\n<p><strong><em>&#8220;La segunda carrera la disfrut\u00e9 muchos m\u00e1s en virtud de la posici\u00f3n de largada, lo que me abr\u00eda buenas expectativas y as\u00ed fu\u00e9. Con el sem\u00e1foro en verde mov\u00ed bien y super\u00e9 un rival de arranque y despu\u00e9s vuelta a vuelta pude seguir avanzando y eso me motivaba cada vez mas con el correr de las vueltas&#8221;.<\/em><\/strong><\/p>\n<p>La pr\u00f3xima fecha del campeonato ser\u00e1 el 2 de junio en Spa-Francorchamps (B\u00e9lgica).<\/p>\n<p>Largaron.<\/p>\n","protected":false},"excerpt":{"rendered":"<p>El piloto sanjuanino tuvo un destacado debut en la Eurocup Clio en el &#8220;Enzo y<\/p>\n","protected":false},"author":1,"featured_media":6289,"comment_status":"open","ping_status":"closed","sticky":false,"template":"","format":"standard","meta":{"footnotes":""},"categories":[1],"tags":[],"class_list":["post-6288","post","type-post","status-publish","format-standard","has-post-thumbnail","hentry","category-zonal-cuyano"],"featured_image_urls":{"full":["https:\/\/curva1.com.ar\/wp-content\/uploads\/2013\/05\/Della.jpg",500,281,false],"thumbnail":["https:\/\/curva1.com.ar\/wp-content\/uploads\/2013\/05\/Della-300x169.jpg",300,169,true],"medium":["https:\/\/curva1.com.ar\/wp-content\/uploads\/2013\/05\/Della.jpg",500,281,false],"medium_large":["https:\/\/curva1.com.ar\/wp-content\/uploads\/2013\/05\/Della.jpg",500,281,false],"large":["https:\/\/curva1.com.ar\/wp-content\/uploads\/2013\/05\/Della.jpg",500,281,false],"1536x1536":["https:\/\/curva1.com.ar\/wp-content\/uploads\/2013\/05\/Della.jpg",500,281,false],"2048x2048":["https:\/\/curva1.com.ar\/wp-content\/uploads\/2013\/05\/Della.jpg",500,281,false],"chromenews-featured":["https:\/\/curva1.com.ar\/wp-content\/uploads\/2013\/05\/Della.jpg",500,281,false],"chromenews-large":["https:\/\/curva1.com.ar\/wp-content\/uploads\/2013\/05\/Della.jpg",500,281,false],"chromenews-medium":["https:\/\/curva1.com.ar\/wp-content\/uploads\/2013\/05\/Della.jpg",500,281,false]},"author_info":{"display_name":"Jos\u00e9 Bravo","author_link":"https:\/\/curva1.com.ar\/?author=1"},"category_info":"<a href=\"https:\/\/curva1.com.ar\/?cat=1\" rel=\"category\">Zonal Cuyano<\/a>","tag_info":"Zonal Cuyano","comment_count":"0","_links":{"self":[{"href":"https:\/\/curva1.com.ar\/index.php?rest_route=\/wp\/v2\/posts\/6288","targetHints":{"allow":["GET"]}}],"collection":[{"href":"https:\/\/curva1.com.ar\/index.php?rest_route=\/wp\/v2\/posts"}],"about":[{"href":"https:\/\/curva1.com.ar\/index.php?rest_route=\/wp\/v2\/types\/post"}],"author":[{"embeddable":true,"href":"https:\/\/curva1.com.ar\/index.php?rest_route=\/wp\/v2\/users\/1"}],"replies":[{"embeddable":true,"href":"https:\/\/curva1.com.ar\/index.php?rest_route=%2Fwp%2Fv2%2Fcomments&post=6288"}],"version-history":[{"count":1,"href":"https:\/\/curva1.com.ar\/index.php?rest_route=\/wp\/v2\/posts\/6288\/revisions"}],"predecessor-version":[{"id":6290,"href":"https:\/\/curva1.com.ar\/index.php?rest_route=\/wp\/v2\/posts\/6288\/revisions\/6290"}],"wp:featuredmedia":[{"embeddable":true,"href":"https:\/\/curva1.com.ar\/index.php?rest_route=\/wp\/v2\/media\/6289"}],"wp:attachment":[{"href":"https:\/\/curva1.com.ar\/index.php?rest_route=%2Fwp%2Fv2%2Fmedia&parent=6288"}],"wp:term":[{"taxonomy":"category","embeddable":true,"href":"https:\/\/curva1.com.ar\/index.php?rest_route=%2Fwp%2Fv2%2Fcategories&post=6288"},{"taxonomy":"post_tag","embeddable":true,"href":"https:\/\/curva1.com.ar\/index.php?rest_route=%2Fwp%2Fv2%2Ftags&post=6288"}],"curies":[{"name":"wp","href":"https:\/\/api.w.org\/{rel}","templated":true}]}}