{"id":6307,"date":"2013-05-22T09:25:47","date_gmt":"2013-05-22T12:25:47","guid":{"rendered":"http:\/\/www.curva1.com.ar\/?p=6307"},"modified":"2013-05-22T11:28:11","modified_gmt":"2013-05-22T14:28:11","slug":"san-martin-recibira-por-tercera-vez-consecutiva-al-zonal-cuyano","status":"publish","type":"post","link":"https:\/\/curva1.com.ar\/?p=6307","title":{"rendered":"San Mart\u00edn recibir\u00e1 por tercera vez consecutiva al Zonal Cuyano"},"content":{"rendered":"<p><img loading=\"lazy\" decoding=\"async\" class=\"aligncenter size-full wp-image-6308\" alt=\"IMG_4400\" src=\"http:\/\/www.curva1.com.ar\/wp-content\/uploads\/2013\/05\/IMG_4400.jpg\" width=\"500\" height=\"281\" srcset=\"https:\/\/curva1.com.ar\/wp-content\/uploads\/2013\/05\/IMG_4400.jpg 500w, https:\/\/curva1.com.ar\/wp-content\/uploads\/2013\/05\/IMG_4400-300x169.jpg 300w\" sizes=\"auto, (max-width: 500px) 100vw, 500px\" \/><\/p>\n<p>FEMAD confirm\u00f3 la 3\u00ba fecha del Zonal Cuyano de Automovilismo y Motos de Velocidad para los d\u00edas 8 y 9 de Junio, a realizarse nuevamente en el aut\u00f3dromo de San Mart\u00edn, en Mendoza.<\/p>\n<p>Todav\u00eda no se confirma quien estar\u00e1 a cargo de la organizaci\u00f3n de la competencia.<\/p>\n","protected":false},"excerpt":{"rendered":"<p>FEMAD confirm\u00f3 la 3\u00ba fecha del Zonal Cuyano de Automovilismo y Motos de Velocidad para<\/p>\n","protected":false},"author":1,"featured_media":6308,"comment_status":"open","ping_status":"closed","sticky":false,"template":"","format":"standard","meta":{"footnotes":""},"categories":[1],"tags":[],"class_list":["post-6307","post","type-post","status-publish","format-standard","has-post-thumbnail","hentry","category-zonal-cuyano"],"featured_image_urls":{"full":["https:\/\/curva1.com.ar\/wp-content\/uploads\/2013\/05\/IMG_4400.jpg",500,281,false],"thumbnail":["https:\/\/curva1.com.ar\/wp-content\/uploads\/2013\/05\/IMG_4400-300x169.jpg",300,169,true],"medium":["https:\/\/curva1.com.ar\/wp-content\/uploads\/2013\/05\/IMG_4400.jpg",500,281,false],"medium_large":["https:\/\/curva1.com.ar\/wp-content\/uploads\/2013\/05\/IMG_4400.jpg",500,281,false],"large":["https:\/\/curva1.com.ar\/wp-content\/uploads\/2013\/05\/IMG_4400.jpg",500,281,false],"1536x1536":["https:\/\/curva1.com.ar\/wp-content\/uploads\/2013\/05\/IMG_4400.jpg",500,281,false],"2048x2048":["https:\/\/curva1.com.ar\/wp-content\/uploads\/2013\/05\/IMG_4400.jpg",500,281,false],"chromenews-featured":["https:\/\/curva1.com.ar\/wp-content\/uploads\/2013\/05\/IMG_4400.jpg",500,281,false],"chromenews-large":["https:\/\/curva1.com.ar\/wp-content\/uploads\/2013\/05\/IMG_4400.jpg",500,281,false],"chromenews-medium":["https:\/\/curva1.com.ar\/wp-content\/uploads\/2013\/05\/IMG_4400.jpg",500,281,false]},"author_info":{"display_name":"Jos\u00e9 Bravo","author_link":"https:\/\/curva1.com.ar\/?author=1"},"category_info":"<a href=\"https:\/\/curva1.com.ar\/?cat=1\" rel=\"category\">Zonal Cuyano<\/a>","tag_info":"Zonal Cuyano","comment_count":"0","_links":{"self":[{"href":"https:\/\/curva1.com.ar\/index.php?rest_route=\/wp\/v2\/posts\/6307","targetHints":{"allow":["GET"]}}],"collection":[{"href":"https:\/\/curva1.com.ar\/index.php?rest_route=\/wp\/v2\/posts"}],"about":[{"href":"https:\/\/curva1.com.ar\/index.php?rest_route=\/wp\/v2\/types\/post"}],"author":[{"embeddable":true,"href":"https:\/\/curva1.com.ar\/index.php?rest_route=\/wp\/v2\/users\/1"}],"replies":[{"embeddable":true,"href":"https:\/\/curva1.com.ar\/index.php?rest_route=%2Fwp%2Fv2%2Fcomments&post=6307"}],"version-history":[{"count":3,"href":"https:\/\/curva1.com.ar\/index.php?rest_route=\/wp\/v2\/posts\/6307\/revisions"}],"predecessor-version":[{"id":6310,"href":"https:\/\/curva1.com.ar\/index.php?rest_route=\/wp\/v2\/posts\/6307\/revisions\/6310"}],"wp:featuredmedia":[{"embeddable":true,"href":"https:\/\/curva1.com.ar\/index.php?rest_route=\/wp\/v2\/media\/6308"}],"wp:attachment":[{"href":"https:\/\/curva1.com.ar\/index.php?rest_route=%2Fwp%2Fv2%2Fmedia&parent=6307"}],"wp:term":[{"taxonomy":"category","embeddable":true,"href":"https:\/\/curva1.com.ar\/index.php?rest_route=%2Fwp%2Fv2%2Fcategories&post=6307"},{"taxonomy":"post_tag","embeddable":true,"href":"https:\/\/curva1.com.ar\/index.php?rest_route=%2Fwp%2Fv2%2Ftags&post=6307"}],"curies":[{"name":"wp","href":"https:\/\/api.w.org\/{rel}","templated":true}]}}