{"id":6330,"date":"2013-05-22T12:10:37","date_gmt":"2013-05-22T15:10:37","guid":{"rendered":"http:\/\/www.curva1.com.ar\/?p=6330"},"modified":"2013-05-22T12:45:42","modified_gmt":"2013-05-22T15:45:42","slug":"tradicionales-tiene-sus-proximas-dos-fechas-del-calendario-confirmadas","status":"publish","type":"post","link":"https:\/\/curva1.com.ar\/?p=6330","title":{"rendered":"Tradicionales confirm\u00f3 sus pr\u00f3ximas dos fechas del calendario"},"content":{"rendered":"<figure id=\"attachment_6332\" aria-describedby=\"caption-attachment-6332\" style=\"width: 500px\" class=\"wp-caption aligncenter\"><img loading=\"lazy\" decoding=\"async\" class=\"size-full wp-image-6332\" alt=\"TRA02-87\" src=\"http:\/\/www.curva1.com.ar\/wp-content\/uploads\/2013\/05\/TRA02-871.jpg\" width=\"500\" height=\"282\" srcset=\"https:\/\/curva1.com.ar\/wp-content\/uploads\/2013\/05\/TRA02-871.jpg 500w, https:\/\/curva1.com.ar\/wp-content\/uploads\/2013\/05\/TRA02-871-300x169.jpg 300w\" sizes=\"auto, (max-width: 500px) 100vw, 500px\" \/><figcaption id=\"caption-attachment-6332\" class=\"wp-caption-text\"><span style=\"color: #ff0000;\">Aut\u00f3dromo Municipal de San Carlos. Foto FEMAD.<\/span><\/figcaption><\/figure>\n<p>La 4\u00ba cita de Tradicionales se disputar\u00e1 en San Carlos el pr\u00f3ximo domingo 2 de junio (organiza ACT), en lugar de hacerlo el 26 de mayo, como se ven\u00eda manejando anteriormente.<\/p>\n<p>La 5\u00ba carrera del a\u00f1o ser\u00e1 en General Alvear y est\u00e1 prevista para el 23 de Junio (organizar\u00e1 Asociaci\u00f3n Sport 4 Sure\u00f1o), dejando libre el domingo anterior donde se conmemora el d\u00eda del padre.<\/p>\n","protected":false},"excerpt":{"rendered":"<p>La 4\u00ba cita de Tradicionales se disputar\u00e1 en San Carlos el pr\u00f3ximo domingo 2 de<\/p>\n","protected":false},"author":1,"featured_media":6332,"comment_status":"open","ping_status":"closed","sticky":false,"template":"","format":"standard","meta":{"footnotes":""},"categories":[1],"tags":[],"class_list":["post-6330","post","type-post","status-publish","format-standard","has-post-thumbnail","hentry","category-zonal-cuyano"],"featured_image_urls":{"full":["https:\/\/curva1.com.ar\/wp-content\/uploads\/2013\/05\/TRA02-871.jpg",500,282,false],"thumbnail":["https:\/\/curva1.com.ar\/wp-content\/uploads\/2013\/05\/TRA02-871-300x169.jpg",300,169,true],"medium":["https:\/\/curva1.com.ar\/wp-content\/uploads\/2013\/05\/TRA02-871.jpg",500,282,false],"medium_large":["https:\/\/curva1.com.ar\/wp-content\/uploads\/2013\/05\/TRA02-871.jpg",500,282,false],"large":["https:\/\/curva1.com.ar\/wp-content\/uploads\/2013\/05\/TRA02-871.jpg",500,282,false],"1536x1536":["https:\/\/curva1.com.ar\/wp-content\/uploads\/2013\/05\/TRA02-871.jpg",500,282,false],"2048x2048":["https:\/\/curva1.com.ar\/wp-content\/uploads\/2013\/05\/TRA02-871.jpg",500,282,false],"chromenews-featured":["https:\/\/curva1.com.ar\/wp-content\/uploads\/2013\/05\/TRA02-871.jpg",500,282,false],"chromenews-large":["https:\/\/curva1.com.ar\/wp-content\/uploads\/2013\/05\/TRA02-871.jpg",500,282,false],"chromenews-medium":["https:\/\/curva1.com.ar\/wp-content\/uploads\/2013\/05\/TRA02-871.jpg",500,282,false]},"author_info":{"display_name":"Jos\u00e9 Bravo","author_link":"https:\/\/curva1.com.ar\/?author=1"},"category_info":"<a href=\"https:\/\/curva1.com.ar\/?cat=1\" rel=\"category\">Zonal Cuyano<\/a>","tag_info":"Zonal Cuyano","comment_count":"0","_links":{"self":[{"href":"https:\/\/curva1.com.ar\/index.php?rest_route=\/wp\/v2\/posts\/6330","targetHints":{"allow":["GET"]}}],"collection":[{"href":"https:\/\/curva1.com.ar\/index.php?rest_route=\/wp\/v2\/posts"}],"about":[{"href":"https:\/\/curva1.com.ar\/index.php?rest_route=\/wp\/v2\/types\/post"}],"author":[{"embeddable":true,"href":"https:\/\/curva1.com.ar\/index.php?rest_route=\/wp\/v2\/users\/1"}],"replies":[{"embeddable":true,"href":"https:\/\/curva1.com.ar\/index.php?rest_route=%2Fwp%2Fv2%2Fcomments&post=6330"}],"version-history":[{"count":3,"href":"https:\/\/curva1.com.ar\/index.php?rest_route=\/wp\/v2\/posts\/6330\/revisions"}],"predecessor-version":[{"id":6334,"href":"https:\/\/curva1.com.ar\/index.php?rest_route=\/wp\/v2\/posts\/6330\/revisions\/6334"}],"wp:featuredmedia":[{"embeddable":true,"href":"https:\/\/curva1.com.ar\/index.php?rest_route=\/wp\/v2\/media\/6332"}],"wp:attachment":[{"href":"https:\/\/curva1.com.ar\/index.php?rest_route=%2Fwp%2Fv2%2Fmedia&parent=6330"}],"wp:term":[{"taxonomy":"category","embeddable":true,"href":"https:\/\/curva1.com.ar\/index.php?rest_route=%2Fwp%2Fv2%2Fcategories&post=6330"},{"taxonomy":"post_tag","embeddable":true,"href":"https:\/\/curva1.com.ar\/index.php?rest_route=%2Fwp%2Fv2%2Ftags&post=6330"}],"curies":[{"name":"wp","href":"https:\/\/api.w.org\/{rel}","templated":true}]}}