{"id":6354,"date":"2013-05-22T13:19:27","date_gmt":"2013-05-22T16:19:27","guid":{"rendered":"http:\/\/www.curva1.com.ar\/?p=6354"},"modified":"2013-05-22T13:26:22","modified_gmt":"2013-05-22T16:26:22","slug":"el-circuito-de-la-isla-recibio-la-primera-fecha-del-cuyano-de-motocross","status":"publish","type":"post","link":"https:\/\/curva1.com.ar\/?p=6354","title":{"rendered":"El circuito de La Isla recibi\u00f3 la primera del Cuyano de Motocross"},"content":{"rendered":"<figure id=\"attachment_6355\" aria-describedby=\"caption-attachment-6355\" style=\"width: 500px\" class=\"wp-caption aligncenter\"><img loading=\"lazy\" decoding=\"async\" class=\"size-full wp-image-6355\" alt=\"DUELO EN 85CC. STEPHANIA TORRES (360) Y EMILIANO CARLETI (17) LUCHAN POR LA PUNTA TRAS LA LARGADA DE LA PRIMERA MANGA.\" src=\"http:\/\/www.curva1.com.ar\/wp-content\/uploads\/2013\/05\/motos.jpg_2033098437.jpg\" width=\"500\" height=\"281\" srcset=\"https:\/\/curva1.com.ar\/wp-content\/uploads\/2013\/05\/motos.jpg_2033098437.jpg 500w, https:\/\/curva1.com.ar\/wp-content\/uploads\/2013\/05\/motos.jpg_2033098437-300x169.jpg 300w\" sizes=\"auto, (max-width: 500px) 100vw, 500px\" \/><figcaption id=\"caption-attachment-6355\" class=\"wp-caption-text\"><span style=\"color: #ff0000;\">DUELO EN 85CC. STEPHANIA TORRES (360) Y EMILIANO CARLETI (17) LUCHAN POR LA PUNTA TRAS LA LARGADA DE LA PRIMERA MANGA.<\/span><\/figcaption><\/figure>\n<p>El piloto de Luj\u00e1n se adjudic\u00f3 la competencia que abri\u00f3 el calendario en el trazado maipucino. Sastre y Pietrelli lo escoltaron.<\/p>\n<p>El circuito de La Isla fue el escenario ideal para la primera presentaci\u00f3n de la temporada del certamen Cuyano de motocross, donde el triunfo en la categor\u00eda m\u00e1s importante, MX1A, qued\u00f3 para Mat\u00edas Castillo.<\/p>\n<p>Con un parque de 56 m\u00e1quinas, el piloto de Luj\u00e1n de Cuyo alcanz\u00f3 el triunfo tras finalizar 1\u00ba y 2\u00ba en las dos bater\u00edas. En la general, a Castillo lo secundaron Nicol\u00e1s Sastre (ganador de la segunda), Pablo Pietrelli, Emiliano Castillo y Octavio Zamora.<\/p>\n<p>En MX1B, la victoria fue para Rodrigo Nieto, escoltado por Leandro Sosa, Salvador Panella y Dalila Hidalgo.<\/p>\n<p>Franco Galigniana, que est\u00e1 teniendo una buena labor en el Argentino, se qued\u00f3 con la categor\u00eda MX2A, por delante de Juli\u00e1n Carleti. Mientras que en MX2B el vencedor fue Rodrigo Gonz\u00e1lez.<\/p>\n<p>En MX3A, Diego Mancuso se llev\u00f3 todos los aplausos y sorprendi\u00f3 a Dalmiro Mur y Julio Quiroga. En MX3B, Ricardo Mera fue el ganador, sobre Juan Carlos Ag\u00fcero y Roque Contardi. Y en MX3C, Daniel Belot lleg\u00f3 antes que nadie a la cuadriculada.<\/p>\n<p>En 85ccA, Mat\u00edas D\u00edaz fue el m\u00e1s r\u00e1pido, sobre Stephania Torres y Juan Pablo Heredia. En 85ccB, Emiliano Carleti se impuso sobre Tom\u00e1s Tumbarello y Rodrigo Heredia.<\/p>\n<p>En 50cc, Santiago Amaya, M\u00e1ximo Vallejo y Federico Gil completaron el podio.<\/p>\n<blockquote><p>Ovaci\u00f3n &#8211; Diario Uno<\/p><\/blockquote>\n","protected":false},"excerpt":{"rendered":"<p>El piloto de Luj\u00e1n se adjudic\u00f3 la competencia que abri\u00f3 el calendario en el trazado<\/p>\n","protected":false},"author":1,"featured_media":6355,"comment_status":"open","ping_status":"closed","sticky":false,"template":"","format":"standard","meta":{"footnotes":""},"categories":[10],"tags":[],"class_list":["post-6354","post","type-post","status-publish","format-standard","has-post-thumbnail","hentry","category-motos"],"featured_image_urls":{"full":["https:\/\/curva1.com.ar\/wp-content\/uploads\/2013\/05\/motos.jpg_2033098437.jpg",500,281,false],"thumbnail":["https:\/\/curva1.com.ar\/wp-content\/uploads\/2013\/05\/motos.jpg_2033098437-300x169.jpg",300,169,true],"medium":["https:\/\/curva1.com.ar\/wp-content\/uploads\/2013\/05\/motos.jpg_2033098437.jpg",500,281,false],"medium_large":["https:\/\/curva1.com.ar\/wp-content\/uploads\/2013\/05\/motos.jpg_2033098437.jpg",500,281,false],"large":["https:\/\/curva1.com.ar\/wp-content\/uploads\/2013\/05\/motos.jpg_2033098437.jpg",500,281,false],"1536x1536":["https:\/\/curva1.com.ar\/wp-content\/uploads\/2013\/05\/motos.jpg_2033098437.jpg",500,281,false],"2048x2048":["https:\/\/curva1.com.ar\/wp-content\/uploads\/2013\/05\/motos.jpg_2033098437.jpg",500,281,false],"chromenews-featured":["https:\/\/curva1.com.ar\/wp-content\/uploads\/2013\/05\/motos.jpg_2033098437.jpg",500,281,false],"chromenews-large":["https:\/\/curva1.com.ar\/wp-content\/uploads\/2013\/05\/motos.jpg_2033098437.jpg",500,281,false],"chromenews-medium":["https:\/\/curva1.com.ar\/wp-content\/uploads\/2013\/05\/motos.jpg_2033098437.jpg",500,281,false]},"author_info":{"display_name":"Jos\u00e9 Bravo","author_link":"https:\/\/curva1.com.ar\/?author=1"},"category_info":"<a href=\"https:\/\/curva1.com.ar\/?cat=10\" rel=\"category\">Motos<\/a>","tag_info":"Motos","comment_count":"0","_links":{"self":[{"href":"https:\/\/curva1.com.ar\/index.php?rest_route=\/wp\/v2\/posts\/6354","targetHints":{"allow":["GET"]}}],"collection":[{"href":"https:\/\/curva1.com.ar\/index.php?rest_route=\/wp\/v2\/posts"}],"about":[{"href":"https:\/\/curva1.com.ar\/index.php?rest_route=\/wp\/v2\/types\/post"}],"author":[{"embeddable":true,"href":"https:\/\/curva1.com.ar\/index.php?rest_route=\/wp\/v2\/users\/1"}],"replies":[{"embeddable":true,"href":"https:\/\/curva1.com.ar\/index.php?rest_route=%2Fwp%2Fv2%2Fcomments&post=6354"}],"version-history":[{"count":4,"href":"https:\/\/curva1.com.ar\/index.php?rest_route=\/wp\/v2\/posts\/6354\/revisions"}],"predecessor-version":[{"id":6357,"href":"https:\/\/curva1.com.ar\/index.php?rest_route=\/wp\/v2\/posts\/6354\/revisions\/6357"}],"wp:featuredmedia":[{"embeddable":true,"href":"https:\/\/curva1.com.ar\/index.php?rest_route=\/wp\/v2\/media\/6355"}],"wp:attachment":[{"href":"https:\/\/curva1.com.ar\/index.php?rest_route=%2Fwp%2Fv2%2Fmedia&parent=6354"}],"wp:term":[{"taxonomy":"category","embeddable":true,"href":"https:\/\/curva1.com.ar\/index.php?rest_route=%2Fwp%2Fv2%2Fcategories&post=6354"},{"taxonomy":"post_tag","embeddable":true,"href":"https:\/\/curva1.com.ar\/index.php?rest_route=%2Fwp%2Fv2%2Ftags&post=6354"}],"curies":[{"name":"wp","href":"https:\/\/api.w.org\/{rel}","templated":true}]}}