{"id":6379,"date":"2013-05-23T13:31:28","date_gmt":"2013-05-23T16:31:28","guid":{"rendered":"http:\/\/www.curva1.com.ar\/?p=6379"},"modified":"2013-05-23T13:32:13","modified_gmt":"2013-05-23T16:32:13","slug":"maxi-martin-seria-suspendido-3-anos-por-correr-en-el-tc-cuyano-en-el-auto-de-fabio-godoy","status":"publish","type":"post","link":"https:\/\/curva1.com.ar\/?p=6379","title":{"rendered":"Maxi Martin ser\u00eda suspendido por 3 a\u00f1os por correr en el TC Cuyano de Fabio Godoy sin autorizaci\u00f3n"},"content":{"rendered":"<p><img loading=\"lazy\" decoding=\"async\" class=\"aligncenter size-full wp-image-6380\" alt=\"IMG_4547\" src=\"http:\/\/www.curva1.com.ar\/wp-content\/uploads\/2013\/05\/IMG_4547.jpg\" width=\"500\" height=\"281\" srcset=\"https:\/\/curva1.com.ar\/wp-content\/uploads\/2013\/05\/IMG_4547.jpg 500w, https:\/\/curva1.com.ar\/wp-content\/uploads\/2013\/05\/IMG_4547-300x169.jpg 300w\" sizes=\"auto, (max-width: 500px) 100vw, 500px\" \/><\/p>\n<p>El piloto Maxi Mart\u00edn ser\u00eda sancionado con 3 a\u00f1os de suspensi\u00f3n, luego de correr la final del TC Cuyano sin licencia y no estando inscripto en la 2\u00ba fecha del Zonal Cuyano de Automovilismo, que se llev\u00f3 a cabo en el aut\u00f3dromo de San Mart\u00edn.<\/p>\n<p>Fabio Godoy le adquiri\u00f3 la Chevy a Maxi Mart\u00edn y disput\u00f3 las pruebas y clasificaci\u00f3n del d\u00eda s\u00e1bado, pero el domingo tuvo que viajar a Buenos Aires por un inconveniente personal. Fue ah\u00ed cuando Maxi se subi\u00f3 a su ex auto largando desde el puesto 11\u00ba (lugar que habr\u00eda ocupado Godoy) y todo sali\u00f3 a la luz, cuando abandon\u00f3 en la final y el mismo Martin fue corriendo con el buzo y casco puesto desde la pista, pasando por el kart\u00f3dromo y hasta llegar a su casilla en los boxes.<\/p>\n<p>Martin ya declar\u00f3 en FEMAD y recibir\u00eda una dura sanci\u00f3n por esta actitud.<\/p>\n<p><strong>ANTECEDENTES<\/strong><\/p>\n<p>Una situaci\u00f3n similar se dio hace un par de a\u00f1os en Tradicionales, cuando el debutante en ese momento &#8220;Pamperito&#8221; Rov\u00e9res le cedi\u00f3 el auto a Germ\u00e1n Girardello para que corriera la final, sin estar inscripto en la categor\u00eda.<\/p>\n<p>Ambos pilotos fueron sancionados duramente.<\/p>\n<p><img loading=\"lazy\" decoding=\"async\" class=\"aligncenter size-full wp-image-6381\" alt=\"IMG_4549\" src=\"http:\/\/www.curva1.com.ar\/wp-content\/uploads\/2013\/05\/IMG_4549.jpg\" width=\"500\" height=\"281\" srcset=\"https:\/\/curva1.com.ar\/wp-content\/uploads\/2013\/05\/IMG_4549.jpg 500w, https:\/\/curva1.com.ar\/wp-content\/uploads\/2013\/05\/IMG_4549-300x169.jpg 300w\" sizes=\"auto, (max-width: 500px) 100vw, 500px\" \/> <img loading=\"lazy\" decoding=\"async\" class=\"aligncenter size-full wp-image-6382\" alt=\"IMG_4550\" src=\"http:\/\/www.curva1.com.ar\/wp-content\/uploads\/2013\/05\/IMG_4550.jpg\" width=\"501\" height=\"281\" srcset=\"https:\/\/curva1.com.ar\/wp-content\/uploads\/2013\/05\/IMG_4550.jpg 600w, https:\/\/curva1.com.ar\/wp-content\/uploads\/2013\/05\/IMG_4550-300x169.jpg 300w\" sizes=\"auto, (max-width: 501px) 100vw, 501px\" \/><\/p>\n","protected":false},"excerpt":{"rendered":"<p>El piloto Maxi Mart\u00edn ser\u00eda sancionado con 3 a\u00f1os de suspensi\u00f3n, luego de correr la<\/p>\n","protected":false},"author":1,"featured_media":6381,"comment_status":"open","ping_status":"closed","sticky":false,"template":"","format":"standard","meta":{"footnotes":""},"categories":[1],"tags":[],"class_list":["post-6379","post","type-post","status-publish","format-standard","has-post-thumbnail","hentry","category-zonal-cuyano"],"featured_image_urls":{"full":["https:\/\/curva1.com.ar\/wp-content\/uploads\/2013\/05\/IMG_4549.jpg",500,281,false],"thumbnail":["https:\/\/curva1.com.ar\/wp-content\/uploads\/2013\/05\/IMG_4549-300x169.jpg",300,169,true],"medium":["https:\/\/curva1.com.ar\/wp-content\/uploads\/2013\/05\/IMG_4549.jpg",500,281,false],"medium_large":["https:\/\/curva1.com.ar\/wp-content\/uploads\/2013\/05\/IMG_4549.jpg",500,281,false],"large":["https:\/\/curva1.com.ar\/wp-content\/uploads\/2013\/05\/IMG_4549.jpg",500,281,false],"1536x1536":["https:\/\/curva1.com.ar\/wp-content\/uploads\/2013\/05\/IMG_4549.jpg",500,281,false],"2048x2048":["https:\/\/curva1.com.ar\/wp-content\/uploads\/2013\/05\/IMG_4549.jpg",500,281,false],"chromenews-featured":["https:\/\/curva1.com.ar\/wp-content\/uploads\/2013\/05\/IMG_4549.jpg",500,281,false],"chromenews-large":["https:\/\/curva1.com.ar\/wp-content\/uploads\/2013\/05\/IMG_4549.jpg",500,281,false],"chromenews-medium":["https:\/\/curva1.com.ar\/wp-content\/uploads\/2013\/05\/IMG_4549.jpg",500,281,false]},"author_info":{"display_name":"Jos\u00e9 Bravo","author_link":"https:\/\/curva1.com.ar\/?author=1"},"category_info":"<a href=\"https:\/\/curva1.com.ar\/?cat=1\" rel=\"category\">Zonal Cuyano<\/a>","tag_info":"Zonal Cuyano","comment_count":"0","_links":{"self":[{"href":"https:\/\/curva1.com.ar\/index.php?rest_route=\/wp\/v2\/posts\/6379","targetHints":{"allow":["GET"]}}],"collection":[{"href":"https:\/\/curva1.com.ar\/index.php?rest_route=\/wp\/v2\/posts"}],"about":[{"href":"https:\/\/curva1.com.ar\/index.php?rest_route=\/wp\/v2\/types\/post"}],"author":[{"embeddable":true,"href":"https:\/\/curva1.com.ar\/index.php?rest_route=\/wp\/v2\/users\/1"}],"replies":[{"embeddable":true,"href":"https:\/\/curva1.com.ar\/index.php?rest_route=%2Fwp%2Fv2%2Fcomments&post=6379"}],"version-history":[{"count":3,"href":"https:\/\/curva1.com.ar\/index.php?rest_route=\/wp\/v2\/posts\/6379\/revisions"}],"predecessor-version":[{"id":6385,"href":"https:\/\/curva1.com.ar\/index.php?rest_route=\/wp\/v2\/posts\/6379\/revisions\/6385"}],"wp:featuredmedia":[{"embeddable":true,"href":"https:\/\/curva1.com.ar\/index.php?rest_route=\/wp\/v2\/media\/6381"}],"wp:attachment":[{"href":"https:\/\/curva1.com.ar\/index.php?rest_route=%2Fwp%2Fv2%2Fmedia&parent=6379"}],"wp:term":[{"taxonomy":"category","embeddable":true,"href":"https:\/\/curva1.com.ar\/index.php?rest_route=%2Fwp%2Fv2%2Fcategories&post=6379"},{"taxonomy":"post_tag","embeddable":true,"href":"https:\/\/curva1.com.ar\/index.php?rest_route=%2Fwp%2Fv2%2Ftags&post=6379"}],"curies":[{"name":"wp","href":"https:\/\/api.w.org\/{rel}","templated":true}]}}