{"id":6404,"date":"2013-05-24T20:53:06","date_gmt":"2013-05-24T23:53:06","guid":{"rendered":"http:\/\/www.curva1.com.ar\/?p=6404"},"modified":"2013-05-24T22:23:11","modified_gmt":"2013-05-25T01:23:11","slug":"peluche-caceres-probo-esta-tarde-un-clase-2-del-zonal-cuyano","status":"publish","type":"post","link":"https:\/\/curva1.com.ar\/?p=6404","title":{"rendered":"Peluche C\u00e1ceres prob\u00f3 esta tarde un Clase 2 del Zonal Cuyano"},"content":{"rendered":"<figure id=\"attachment_6405\" aria-describedby=\"caption-attachment-6405\" style=\"width: 500px\" class=\"wp-caption aligncenter\"><img loading=\"lazy\" decoding=\"async\" class=\"size-full wp-image-6405\" alt=\"524913_627520910596463_1049730103_n\" src=\"http:\/\/www.curva1.com.ar\/wp-content\/uploads\/2013\/05\/524913_627520910596463_1049730103_n.jpg\" width=\"500\" height=\"281\" srcset=\"https:\/\/curva1.com.ar\/wp-content\/uploads\/2013\/05\/524913_627520910596463_1049730103_n.jpg 500w, https:\/\/curva1.com.ar\/wp-content\/uploads\/2013\/05\/524913_627520910596463_1049730103_n-300x169.jpg 300w\" sizes=\"auto, (max-width: 500px) 100vw, 500px\" \/><figcaption id=\"caption-attachment-6405\" class=\"wp-caption-text\"><span style=\"color: #999999;\">Foto: La Cuadriculada<\/span><\/figcaption><\/figure>\n<p>El piloto que compite en el TC2000 se subi\u00f3 hoy al VW Gol que pertenece a Pedro Crisp\u00edn D\u00edaz y gir\u00f3 durante varias oportunidades en el aut\u00f3dromo de San Mart\u00edn.<\/p>\n<p><strong>&#8220;Se dieron m\u00e1s de veinte vueltas, principalmente para que Peluche conociera el auto y descubriera como es un Clase 2, ya que es la primera vez que se sube a un auto de este tipo&#8221;<\/strong> dijo Alejandro Baroni, quien est\u00e1 a cargo de la atenci\u00f3n.<\/p>\n<p><strong>&#8220;La idea es que C\u00e1ceres dispute las fechas en la que yo no pueda estar presente, adem\u00e1s de no tener Peluche compromisos a nivel nacional&#8221;<\/strong> explic\u00f3 Crisp\u00edn D\u00edaz a Curva 1.<\/p>\n<p>La tercera fecha del zonal va el 9 de junio, cuando se dispute una nueva fecha del TC2000, por lo que el debut del sanmartiniano tendr\u00e1 que esperar.<\/p>\n<p><img loading=\"lazy\" decoding=\"async\" class=\"aligncenter size-full wp-image-6413\" alt=\"BLEb_JuCEAESUpa.jpg large\" src=\"http:\/\/www.curva1.com.ar\/wp-content\/uploads\/2013\/05\/BLEb_JuCEAESUpa.jpg-large.jpg\" width=\"500\" height=\"281\" srcset=\"https:\/\/curva1.com.ar\/wp-content\/uploads\/2013\/05\/BLEb_JuCEAESUpa.jpg-large.jpg 500w, https:\/\/curva1.com.ar\/wp-content\/uploads\/2013\/05\/BLEb_JuCEAESUpa.jpg-large-300x169.jpg 300w\" sizes=\"auto, (max-width: 500px) 100vw, 500px\" \/><\/p>\n","protected":false},"excerpt":{"rendered":"<p>El piloto que compite en el TC2000 se subi\u00f3 hoy al VW Gol que pertenece<\/p>\n","protected":false},"author":1,"featured_media":6405,"comment_status":"open","ping_status":"closed","sticky":false,"template":"","format":"standard","meta":{"footnotes":""},"categories":[1],"tags":[],"class_list":["post-6404","post","type-post","status-publish","format-standard","has-post-thumbnail","hentry","category-zonal-cuyano"],"featured_image_urls":{"full":["https:\/\/curva1.com.ar\/wp-content\/uploads\/2013\/05\/524913_627520910596463_1049730103_n.jpg",500,281,false],"thumbnail":["https:\/\/curva1.com.ar\/wp-content\/uploads\/2013\/05\/524913_627520910596463_1049730103_n-300x169.jpg",300,169,true],"medium":["https:\/\/curva1.com.ar\/wp-content\/uploads\/2013\/05\/524913_627520910596463_1049730103_n.jpg",500,281,false],"medium_large":["https:\/\/curva1.com.ar\/wp-content\/uploads\/2013\/05\/524913_627520910596463_1049730103_n.jpg",500,281,false],"large":["https:\/\/curva1.com.ar\/wp-content\/uploads\/2013\/05\/524913_627520910596463_1049730103_n.jpg",500,281,false],"1536x1536":["https:\/\/curva1.com.ar\/wp-content\/uploads\/2013\/05\/524913_627520910596463_1049730103_n.jpg",500,281,false],"2048x2048":["https:\/\/curva1.com.ar\/wp-content\/uploads\/2013\/05\/524913_627520910596463_1049730103_n.jpg",500,281,false],"chromenews-featured":["https:\/\/curva1.com.ar\/wp-content\/uploads\/2013\/05\/524913_627520910596463_1049730103_n.jpg",500,281,false],"chromenews-large":["https:\/\/curva1.com.ar\/wp-content\/uploads\/2013\/05\/524913_627520910596463_1049730103_n.jpg",500,281,false],"chromenews-medium":["https:\/\/curva1.com.ar\/wp-content\/uploads\/2013\/05\/524913_627520910596463_1049730103_n.jpg",500,281,false]},"author_info":{"display_name":"Jos\u00e9 Bravo","author_link":"https:\/\/curva1.com.ar\/?author=1"},"category_info":"<a href=\"https:\/\/curva1.com.ar\/?cat=1\" rel=\"category\">Zonal Cuyano<\/a>","tag_info":"Zonal Cuyano","comment_count":"0","_links":{"self":[{"href":"https:\/\/curva1.com.ar\/index.php?rest_route=\/wp\/v2\/posts\/6404","targetHints":{"allow":["GET"]}}],"collection":[{"href":"https:\/\/curva1.com.ar\/index.php?rest_route=\/wp\/v2\/posts"}],"about":[{"href":"https:\/\/curva1.com.ar\/index.php?rest_route=\/wp\/v2\/types\/post"}],"author":[{"embeddable":true,"href":"https:\/\/curva1.com.ar\/index.php?rest_route=\/wp\/v2\/users\/1"}],"replies":[{"embeddable":true,"href":"https:\/\/curva1.com.ar\/index.php?rest_route=%2Fwp%2Fv2%2Fcomments&post=6404"}],"version-history":[{"count":8,"href":"https:\/\/curva1.com.ar\/index.php?rest_route=\/wp\/v2\/posts\/6404\/revisions"}],"predecessor-version":[{"id":6407,"href":"https:\/\/curva1.com.ar\/index.php?rest_route=\/wp\/v2\/posts\/6404\/revisions\/6407"}],"wp:featuredmedia":[{"embeddable":true,"href":"https:\/\/curva1.com.ar\/index.php?rest_route=\/wp\/v2\/media\/6405"}],"wp:attachment":[{"href":"https:\/\/curva1.com.ar\/index.php?rest_route=%2Fwp%2Fv2%2Fmedia&parent=6404"}],"wp:term":[{"taxonomy":"category","embeddable":true,"href":"https:\/\/curva1.com.ar\/index.php?rest_route=%2Fwp%2Fv2%2Fcategories&post=6404"},{"taxonomy":"post_tag","embeddable":true,"href":"https:\/\/curva1.com.ar\/index.php?rest_route=%2Fwp%2Fv2%2Ftags&post=6404"}],"curies":[{"name":"wp","href":"https:\/\/api.w.org\/{rel}","templated":true}]}}