{"id":6471,"date":"2013-05-27T11:33:50","date_gmt":"2013-05-27T14:33:50","guid":{"rendered":"http:\/\/www.curva1.com.ar\/?p=6471"},"modified":"2013-05-27T11:37:10","modified_gmt":"2013-05-27T14:37:10","slug":"un-nuevo-piloto-de-san-martin-se-prepara-para-debutar-en-la-promocional-1-4","status":"publish","type":"post","link":"https:\/\/curva1.com.ar\/?p=6471","title":{"rendered":"Un nuevo piloto de San Mart\u00edn se suma a la Promocional 1.4"},"content":{"rendered":"<p><img loading=\"lazy\" decoding=\"async\" class=\"aligncenter size-full wp-image-6472\" alt=\"9641f9_1427547210_o\" src=\"http:\/\/www.curva1.com.ar\/wp-content\/uploads\/2013\/05\/9641f9_1427547210_o.jpg\" width=\"500\" height=\"281\" srcset=\"https:\/\/curva1.com.ar\/wp-content\/uploads\/2013\/05\/9641f9_1427547210_o.jpg 500w, https:\/\/curva1.com.ar\/wp-content\/uploads\/2013\/05\/9641f9_1427547210_o-300x169.jpg 300w\" sizes=\"auto, (max-width: 500px) 100vw, 500px\" \/><\/p>\n<p>La fecha pasada fue Mart\u00edn Saladino el primero en debutar en la nueva categor\u00eda del Zonal Cuyano.<\/p>\n<p>Ahora lo har\u00e1 su hermano menor Franco, quien compet\u00eda en la S\u00faper 4 Tiempos del Campeonato Cuyano de Karting y ahora pasar\u00e1 a los autos.<\/p>\n<p>Franco Saladino adquiri\u00f3 el casco de Fiat Uno en San Lu\u00eds y se sumar\u00e1 muy pronto a la &#8220;1.4&#8221;, previo un repaso general en el taller de Baroni Competici\u00f3n.<\/p>\n","protected":false},"excerpt":{"rendered":"<p>La fecha pasada fue Mart\u00edn Saladino el primero en debutar en la nueva categor\u00eda del<\/p>\n","protected":false},"author":1,"featured_media":6472,"comment_status":"open","ping_status":"closed","sticky":false,"template":"","format":"standard","meta":{"footnotes":""},"categories":[1],"tags":[],"class_list":["post-6471","post","type-post","status-publish","format-standard","has-post-thumbnail","hentry","category-zonal-cuyano"],"featured_image_urls":{"full":["https:\/\/curva1.com.ar\/wp-content\/uploads\/2013\/05\/9641f9_1427547210_o.jpg",500,281,false],"thumbnail":["https:\/\/curva1.com.ar\/wp-content\/uploads\/2013\/05\/9641f9_1427547210_o-300x169.jpg",300,169,true],"medium":["https:\/\/curva1.com.ar\/wp-content\/uploads\/2013\/05\/9641f9_1427547210_o.jpg",500,281,false],"medium_large":["https:\/\/curva1.com.ar\/wp-content\/uploads\/2013\/05\/9641f9_1427547210_o.jpg",500,281,false],"large":["https:\/\/curva1.com.ar\/wp-content\/uploads\/2013\/05\/9641f9_1427547210_o.jpg",500,281,false],"1536x1536":["https:\/\/curva1.com.ar\/wp-content\/uploads\/2013\/05\/9641f9_1427547210_o.jpg",500,281,false],"2048x2048":["https:\/\/curva1.com.ar\/wp-content\/uploads\/2013\/05\/9641f9_1427547210_o.jpg",500,281,false],"chromenews-featured":["https:\/\/curva1.com.ar\/wp-content\/uploads\/2013\/05\/9641f9_1427547210_o.jpg",500,281,false],"chromenews-large":["https:\/\/curva1.com.ar\/wp-content\/uploads\/2013\/05\/9641f9_1427547210_o.jpg",500,281,false],"chromenews-medium":["https:\/\/curva1.com.ar\/wp-content\/uploads\/2013\/05\/9641f9_1427547210_o.jpg",500,281,false]},"author_info":{"display_name":"Jos\u00e9 Bravo","author_link":"https:\/\/curva1.com.ar\/?author=1"},"category_info":"<a href=\"https:\/\/curva1.com.ar\/?cat=1\" rel=\"category\">Zonal Cuyano<\/a>","tag_info":"Zonal Cuyano","comment_count":"0","_links":{"self":[{"href":"https:\/\/curva1.com.ar\/index.php?rest_route=\/wp\/v2\/posts\/6471","targetHints":{"allow":["GET"]}}],"collection":[{"href":"https:\/\/curva1.com.ar\/index.php?rest_route=\/wp\/v2\/posts"}],"about":[{"href":"https:\/\/curva1.com.ar\/index.php?rest_route=\/wp\/v2\/types\/post"}],"author":[{"embeddable":true,"href":"https:\/\/curva1.com.ar\/index.php?rest_route=\/wp\/v2\/users\/1"}],"replies":[{"embeddable":true,"href":"https:\/\/curva1.com.ar\/index.php?rest_route=%2Fwp%2Fv2%2Fcomments&post=6471"}],"version-history":[{"count":3,"href":"https:\/\/curva1.com.ar\/index.php?rest_route=\/wp\/v2\/posts\/6471\/revisions"}],"predecessor-version":[{"id":6474,"href":"https:\/\/curva1.com.ar\/index.php?rest_route=\/wp\/v2\/posts\/6471\/revisions\/6474"}],"wp:featuredmedia":[{"embeddable":true,"href":"https:\/\/curva1.com.ar\/index.php?rest_route=\/wp\/v2\/media\/6472"}],"wp:attachment":[{"href":"https:\/\/curva1.com.ar\/index.php?rest_route=%2Fwp%2Fv2%2Fmedia&parent=6471"}],"wp:term":[{"taxonomy":"category","embeddable":true,"href":"https:\/\/curva1.com.ar\/index.php?rest_route=%2Fwp%2Fv2%2Fcategories&post=6471"},{"taxonomy":"post_tag","embeddable":true,"href":"https:\/\/curva1.com.ar\/index.php?rest_route=%2Fwp%2Fv2%2Ftags&post=6471"}],"curies":[{"name":"wp","href":"https:\/\/api.w.org\/{rel}","templated":true}]}}