{"id":6479,"date":"2013-05-28T11:21:11","date_gmt":"2013-05-28T14:21:11","guid":{"rendered":"http:\/\/www.curva1.com.ar\/?p=6479"},"modified":"2013-05-29T10:59:59","modified_gmt":"2013-05-29T13:59:59","slug":"nueva-victoria-de-federico-ortega-en-el-campeonato-argentino-de-enduro","status":"publish","type":"post","link":"https:\/\/curva1.com.ar\/?p=6479","title":{"rendered":"Nueva victoria de Federico Ortega en el Argentino de Enduro"},"content":{"rendered":"<p><img loading=\"lazy\" decoding=\"async\" class=\"aligncenter size-full wp-image-6480\" alt=\"gal-532669\" src=\"http:\/\/www.curva1.com.ar\/wp-content\/uploads\/2013\/05\/gal-532669.jpg\" width=\"500\" height=\"281\" srcset=\"https:\/\/curva1.com.ar\/wp-content\/uploads\/2013\/05\/gal-532669.jpg 500w, https:\/\/curva1.com.ar\/wp-content\/uploads\/2013\/05\/gal-532669-300x169.jpg 300w\" sizes=\"auto, (max-width: 500px) 100vw, 500px\" \/><\/p>\n<p>Tras haberse impuesto en la tercera fecha, realizada el pasado s\u00e1bado en Jujuy, Federico Ortega repiti\u00f3 en el cuarto cap\u00edtulo del a\u00f1o que se llev\u00f3 a cabo un d\u00eda despu\u00e9s.<\/p>\n<p>En la jornada doble del campeo-nato Argentino de enduro, el representante de Mendoza cosech\u00f3 su cuarta victoria al hilo en la categor\u00eda Senior B. Super\u00f3 a su comprovinciano Emiliano Carbonero, mientras que Mart\u00edn Muller result\u00f3 sexto, Gast\u00f3n Men\u00e9ndez fue s\u00e9ptimo y Robertino Patti lleg\u00f3 octavo.<\/p>\n<p>En Senior A, el \u00fanico que dijo presente fue \u00c1lvaro Zamora, finalizando quinto en la segunda cita.<\/p>\n<p>Dentro de la Junior A compitieron: Octavio Zamora (s\u00e9ptimo) y Mat\u00edas Cozzari (noveno). Por su parte, Elio Fornetti se llev\u00f3 el \u00e9xito en Junior B y Mat\u00edas Cesaroni result\u00f3 tercero, en tanto que Jos\u00e9 Ignacio Men\u00e9ndez finaliz\u00f3 cuarto.<\/p>\n<p>La Master Senior cont\u00f3 con la presencia de Roberto Calabr\u00f3 (s\u00e9ptimo) y Alejandro Musri (d\u00e9cimo), mientras que Daniel Dindorf consigui\u00f3 la segunda posici\u00f3n en Master Junior y tambi\u00e9n aceleraron Gustavo Dalmasso (cuarto), Sergio Buch\u00edn (s\u00e9ptimo), Cristian Baslut (octavo), Diego Vargas (d\u00e9cimo) y Adri\u00e1n Dub\u00e9 (und\u00e9cimo). Por \u00faltimo, Diego Denaro fue quinto en la divisional para Promocionales.<\/p>\n<p>El pr\u00f3ximo compromiso para la legi\u00f3n mendocina ser\u00e1 en Alberdi (Tucum\u00e1n), los d\u00edas 27 y 28 de julio.<\/p>\n<p>Los Andes.<\/p>\n","protected":false},"excerpt":{"rendered":"<p>Tras haberse impuesto en la tercera fecha, realizada el pasado s\u00e1bado en Jujuy, Federico Ortega<\/p>\n","protected":false},"author":1,"featured_media":6480,"comment_status":"open","ping_status":"closed","sticky":false,"template":"","format":"standard","meta":{"footnotes":""},"categories":[10],"tags":[],"class_list":["post-6479","post","type-post","status-publish","format-standard","has-post-thumbnail","hentry","category-motos"],"featured_image_urls":{"full":["https:\/\/curva1.com.ar\/wp-content\/uploads\/2013\/05\/gal-532669.jpg",500,281,false],"thumbnail":["https:\/\/curva1.com.ar\/wp-content\/uploads\/2013\/05\/gal-532669-300x169.jpg",300,169,true],"medium":["https:\/\/curva1.com.ar\/wp-content\/uploads\/2013\/05\/gal-532669.jpg",500,281,false],"medium_large":["https:\/\/curva1.com.ar\/wp-content\/uploads\/2013\/05\/gal-532669.jpg",500,281,false],"large":["https:\/\/curva1.com.ar\/wp-content\/uploads\/2013\/05\/gal-532669.jpg",500,281,false],"1536x1536":["https:\/\/curva1.com.ar\/wp-content\/uploads\/2013\/05\/gal-532669.jpg",500,281,false],"2048x2048":["https:\/\/curva1.com.ar\/wp-content\/uploads\/2013\/05\/gal-532669.jpg",500,281,false],"chromenews-featured":["https:\/\/curva1.com.ar\/wp-content\/uploads\/2013\/05\/gal-532669.jpg",500,281,false],"chromenews-large":["https:\/\/curva1.com.ar\/wp-content\/uploads\/2013\/05\/gal-532669.jpg",500,281,false],"chromenews-medium":["https:\/\/curva1.com.ar\/wp-content\/uploads\/2013\/05\/gal-532669.jpg",500,281,false]},"author_info":{"display_name":"Jos\u00e9 Bravo","author_link":"https:\/\/curva1.com.ar\/?author=1"},"category_info":"<a href=\"https:\/\/curva1.com.ar\/?cat=10\" rel=\"category\">Motos<\/a>","tag_info":"Motos","comment_count":"0","_links":{"self":[{"href":"https:\/\/curva1.com.ar\/index.php?rest_route=\/wp\/v2\/posts\/6479","targetHints":{"allow":["GET"]}}],"collection":[{"href":"https:\/\/curva1.com.ar\/index.php?rest_route=\/wp\/v2\/posts"}],"about":[{"href":"https:\/\/curva1.com.ar\/index.php?rest_route=\/wp\/v2\/types\/post"}],"author":[{"embeddable":true,"href":"https:\/\/curva1.com.ar\/index.php?rest_route=\/wp\/v2\/users\/1"}],"replies":[{"embeddable":true,"href":"https:\/\/curva1.com.ar\/index.php?rest_route=%2Fwp%2Fv2%2Fcomments&post=6479"}],"version-history":[{"count":3,"href":"https:\/\/curva1.com.ar\/index.php?rest_route=\/wp\/v2\/posts\/6479\/revisions"}],"predecessor-version":[{"id":6483,"href":"https:\/\/curva1.com.ar\/index.php?rest_route=\/wp\/v2\/posts\/6479\/revisions\/6483"}],"wp:featuredmedia":[{"embeddable":true,"href":"https:\/\/curva1.com.ar\/index.php?rest_route=\/wp\/v2\/media\/6480"}],"wp:attachment":[{"href":"https:\/\/curva1.com.ar\/index.php?rest_route=%2Fwp%2Fv2%2Fmedia&parent=6479"}],"wp:term":[{"taxonomy":"category","embeddable":true,"href":"https:\/\/curva1.com.ar\/index.php?rest_route=%2Fwp%2Fv2%2Fcategories&post=6479"},{"taxonomy":"post_tag","embeddable":true,"href":"https:\/\/curva1.com.ar\/index.php?rest_route=%2Fwp%2Fv2%2Ftags&post=6479"}],"curies":[{"name":"wp","href":"https:\/\/api.w.org\/{rel}","templated":true}]}}