{"id":6509,"date":"2013-05-28T13:27:04","date_gmt":"2013-05-28T16:27:04","guid":{"rendered":"http:\/\/www.curva1.com.ar\/?p=6509"},"modified":"2013-07-15T15:00:14","modified_gmt":"2013-07-15T18:00:14","slug":"a-partir-de-junio-comienza-curva-1-radio","status":"publish","type":"post","link":"https:\/\/curva1.com.ar\/?p=6509","title":{"rendered":"En Junio comienza: Curva 1 RADIO"},"content":{"rendered":"<p><img loading=\"lazy\" decoding=\"async\" class=\"aligncenter size-full wp-image-6510\" alt=\"Curva 1 RADIO\" src=\"http:\/\/www.curva1.com.ar\/wp-content\/uploads\/2013\/05\/Curva-1-RADIO.png\" width=\"499\" height=\"280\" srcset=\"https:\/\/curva1.com.ar\/wp-content\/uploads\/2013\/05\/Curva-1-RADIO.png 600w, https:\/\/curva1.com.ar\/wp-content\/uploads\/2013\/05\/Curva-1-RADIO-300x169.png 300w\" sizes=\"auto, (max-width: 499px) 100vw, 499px\" \/><\/p>\n<p>A partir del mes de Junio, el este mendocino volver\u00e1 a sentir el automovilismo a trav\u00e9s de la radio.<\/p>\n<p>El miercoles 12 de Junio a las 18 horas comenzar\u00e1 <strong>Curva 1 RADIO<\/strong>, programa radial que estar\u00e1 a cargo de Ariel Dupaus con la m\u00e1s amplia informaci\u00f3n del deporte motor de Mendoza y Cuyo.<\/p>\n<p>Zonal Cuyano, Tradicionales, Karting, Motociclismo, Picadas, Automodelismo y el seguimiento a los pilotos mendocinos que compiten a nivel nacional e internacional ser\u00e1n algunos de los temas que tendr\u00e1 <strong>Curva 1 RADIO<\/strong> en su gui\u00f3n.<\/p>\n<p><strong>Curva 1 RADIO<\/strong> ser\u00e1 un programa de 3 horas por semana donde podr\u00e1n disfrutar de resultados, entrevistas, columnistas y reportajes especiales en los que ya se est\u00e1 trabajando.<\/p>\n<p><strong>Agendalo!<\/strong><\/p>\n<blockquote><p><span style=\"color: #008000;\"><strong><span style=\"color: #ff0000;\">Comienza:<\/span> Miercoles 12 de Junio a las 18 hs<br \/>\n<\/strong><\/span><\/p>\n<p><span style=\"color: #008000;\"><strong><span style=\"color: #ff0000;\">Luego:<\/span> <\/strong>Todos los<strong> Miercoles de 18 a 21 hs<\/strong><\/span><\/p>\n<p><span style=\"color: #008000;\"><strong>91.1 FM Oasis<\/strong> para todo el este de Mendoza<\/span><\/p>\n<p><span style=\"color: #008000;\">Transmisi\u00f3n on line a trav\u00e9s de <a href=\"http:\/\/www.fmoasis.com.ar\/\" target=\"_blank\"><span style=\"color: #008000;\"><strong>www.fmoasis.com.ar<\/strong> <\/span><\/a><\/span><\/p><\/blockquote>\n","protected":false},"excerpt":{"rendered":"<p>A partir del mes de Junio, el este mendocino volver\u00e1 a sentir el automovilismo a<\/p>\n","protected":false},"author":1,"featured_media":6510,"comment_status":"open","ping_status":"closed","sticky":false,"template":"","format":"standard","meta":{"footnotes":""},"categories":[1],"tags":[],"class_list":["post-6509","post","type-post","status-publish","format-standard","has-post-thumbnail","hentry","category-zonal-cuyano"],"featured_image_urls":{"full":["https:\/\/curva1.com.ar\/wp-content\/uploads\/2013\/05\/Curva-1-RADIO.png",600,337,false],"thumbnail":["https:\/\/curva1.com.ar\/wp-content\/uploads\/2013\/05\/Curva-1-RADIO-300x169.png",300,169,true],"medium":["https:\/\/curva1.com.ar\/wp-content\/uploads\/2013\/05\/Curva-1-RADIO.png",600,337,false],"medium_large":["https:\/\/curva1.com.ar\/wp-content\/uploads\/2013\/05\/Curva-1-RADIO.png",600,337,false],"large":["https:\/\/curva1.com.ar\/wp-content\/uploads\/2013\/05\/Curva-1-RADIO.png",600,337,false],"1536x1536":["https:\/\/curva1.com.ar\/wp-content\/uploads\/2013\/05\/Curva-1-RADIO.png",600,337,false],"2048x2048":["https:\/\/curva1.com.ar\/wp-content\/uploads\/2013\/05\/Curva-1-RADIO.png",600,337,false],"chromenews-featured":["https:\/\/curva1.com.ar\/wp-content\/uploads\/2013\/05\/Curva-1-RADIO.png",600,337,false],"chromenews-large":["https:\/\/curva1.com.ar\/wp-content\/uploads\/2013\/05\/Curva-1-RADIO.png",600,337,false],"chromenews-medium":["https:\/\/curva1.com.ar\/wp-content\/uploads\/2013\/05\/Curva-1-RADIO.png",590,331,false]},"author_info":{"display_name":"Jos\u00e9 Bravo","author_link":"https:\/\/curva1.com.ar\/?author=1"},"category_info":"<a href=\"https:\/\/curva1.com.ar\/?cat=1\" rel=\"category\">Zonal Cuyano<\/a>","tag_info":"Zonal Cuyano","comment_count":"0","_links":{"self":[{"href":"https:\/\/curva1.com.ar\/index.php?rest_route=\/wp\/v2\/posts\/6509","targetHints":{"allow":["GET"]}}],"collection":[{"href":"https:\/\/curva1.com.ar\/index.php?rest_route=\/wp\/v2\/posts"}],"about":[{"href":"https:\/\/curva1.com.ar\/index.php?rest_route=\/wp\/v2\/types\/post"}],"author":[{"embeddable":true,"href":"https:\/\/curva1.com.ar\/index.php?rest_route=\/wp\/v2\/users\/1"}],"replies":[{"embeddable":true,"href":"https:\/\/curva1.com.ar\/index.php?rest_route=%2Fwp%2Fv2%2Fcomments&post=6509"}],"version-history":[{"count":9,"href":"https:\/\/curva1.com.ar\/index.php?rest_route=\/wp\/v2\/posts\/6509\/revisions"}],"predecessor-version":[{"id":7710,"href":"https:\/\/curva1.com.ar\/index.php?rest_route=\/wp\/v2\/posts\/6509\/revisions\/7710"}],"wp:featuredmedia":[{"embeddable":true,"href":"https:\/\/curva1.com.ar\/index.php?rest_route=\/wp\/v2\/media\/6510"}],"wp:attachment":[{"href":"https:\/\/curva1.com.ar\/index.php?rest_route=%2Fwp%2Fv2%2Fmedia&parent=6509"}],"wp:term":[{"taxonomy":"category","embeddable":true,"href":"https:\/\/curva1.com.ar\/index.php?rest_route=%2Fwp%2Fv2%2Fcategories&post=6509"},{"taxonomy":"post_tag","embeddable":true,"href":"https:\/\/curva1.com.ar\/index.php?rest_route=%2Fwp%2Fv2%2Ftags&post=6509"}],"curies":[{"name":"wp","href":"https:\/\/api.w.org\/{rel}","templated":true}]}}