{"id":6520,"date":"2013-05-29T00:24:13","date_gmt":"2013-05-29T03:24:13","guid":{"rendered":"http:\/\/www.curva1.com.ar\/?p=6520"},"modified":"2013-05-29T00:24:13","modified_gmt":"2013-05-29T03:24:13","slug":"cordoba-se-quedo-sin-turismo-carretera-actc-levanto-la-carrera-de-rio-cuarto","status":"publish","type":"post","link":"https:\/\/curva1.com.ar\/?p=6520","title":{"rendered":"C\u00f3rdoba se qued\u00f3 sin Turismo Carretera. ACTC levant\u00f3 la carrera de R\u00edo Cuarto"},"content":{"rendered":"<p><img loading=\"lazy\" decoding=\"async\" class=\"aligncenter size-full wp-image-6522\" alt=\"8709_encabezado\" src=\"http:\/\/www.curva1.com.ar\/wp-content\/uploads\/2013\/05\/8709_encabezado.jpg\" width=\"500\" height=\"281\" srcset=\"https:\/\/curva1.com.ar\/wp-content\/uploads\/2013\/05\/8709_encabezado.jpg 500w, https:\/\/curva1.com.ar\/wp-content\/uploads\/2013\/05\/8709_encabezado-300x169.jpg 300w\" sizes=\"auto, (max-width: 500px) 100vw, 500px\" \/><\/p>\n<p>Debido a que no se realizaron los trabajos en pista solicitados por la ACTC 60 d\u00edas antes de la carrera prevista en Rio Cuarto para el 4 de Agosto, se decide levantar dicha competencia.<\/p>\n<p>La Comisi\u00f3n Directiva de la ACTC, comunica que dada la imposibilidad de contar con la aprobaci\u00f3n final del circuito 60 d\u00edas antes de la competencia prevista para el 4 de Agosto en el circuito de Rio Cuarto y al no haberse registrados los trabajos solicitados en pista en su oportunidad, se decide levantar la competencia\u00a0 de Turismo Carretera y TC Pista prevista en dicho aut\u00f3dromo.<\/p>\n","protected":false},"excerpt":{"rendered":"<p>Debido a que no se realizaron los trabajos en pista solicitados por la ACTC 60<\/p>\n","protected":false},"author":1,"featured_media":6522,"comment_status":"open","ping_status":"closed","sticky":false,"template":"","format":"standard","meta":{"footnotes":""},"categories":[6],"tags":[],"class_list":["post-6520","post","type-post","status-publish","format-standard","has-post-thumbnail","hentry","category-nacionales"],"featured_image_urls":{"full":["https:\/\/curva1.com.ar\/wp-content\/uploads\/2013\/05\/8709_encabezado.jpg",500,281,false],"thumbnail":["https:\/\/curva1.com.ar\/wp-content\/uploads\/2013\/05\/8709_encabezado-300x169.jpg",300,169,true],"medium":["https:\/\/curva1.com.ar\/wp-content\/uploads\/2013\/05\/8709_encabezado.jpg",500,281,false],"medium_large":["https:\/\/curva1.com.ar\/wp-content\/uploads\/2013\/05\/8709_encabezado.jpg",500,281,false],"large":["https:\/\/curva1.com.ar\/wp-content\/uploads\/2013\/05\/8709_encabezado.jpg",500,281,false],"1536x1536":["https:\/\/curva1.com.ar\/wp-content\/uploads\/2013\/05\/8709_encabezado.jpg",500,281,false],"2048x2048":["https:\/\/curva1.com.ar\/wp-content\/uploads\/2013\/05\/8709_encabezado.jpg",500,281,false],"chromenews-featured":["https:\/\/curva1.com.ar\/wp-content\/uploads\/2013\/05\/8709_encabezado.jpg",500,281,false],"chromenews-large":["https:\/\/curva1.com.ar\/wp-content\/uploads\/2013\/05\/8709_encabezado.jpg",500,281,false],"chromenews-medium":["https:\/\/curva1.com.ar\/wp-content\/uploads\/2013\/05\/8709_encabezado.jpg",500,281,false]},"author_info":{"display_name":"Jos\u00e9 Bravo","author_link":"https:\/\/curva1.com.ar\/?author=1"},"category_info":"<a href=\"https:\/\/curva1.com.ar\/?cat=6\" rel=\"category\">Nacionales<\/a>","tag_info":"Nacionales","comment_count":"0","_links":{"self":[{"href":"https:\/\/curva1.com.ar\/index.php?rest_route=\/wp\/v2\/posts\/6520","targetHints":{"allow":["GET"]}}],"collection":[{"href":"https:\/\/curva1.com.ar\/index.php?rest_route=\/wp\/v2\/posts"}],"about":[{"href":"https:\/\/curva1.com.ar\/index.php?rest_route=\/wp\/v2\/types\/post"}],"author":[{"embeddable":true,"href":"https:\/\/curva1.com.ar\/index.php?rest_route=\/wp\/v2\/users\/1"}],"replies":[{"embeddable":true,"href":"https:\/\/curva1.com.ar\/index.php?rest_route=%2Fwp%2Fv2%2Fcomments&post=6520"}],"version-history":[{"count":2,"href":"https:\/\/curva1.com.ar\/index.php?rest_route=\/wp\/v2\/posts\/6520\/revisions"}],"predecessor-version":[{"id":6524,"href":"https:\/\/curva1.com.ar\/index.php?rest_route=\/wp\/v2\/posts\/6520\/revisions\/6524"}],"wp:featuredmedia":[{"embeddable":true,"href":"https:\/\/curva1.com.ar\/index.php?rest_route=\/wp\/v2\/media\/6522"}],"wp:attachment":[{"href":"https:\/\/curva1.com.ar\/index.php?rest_route=%2Fwp%2Fv2%2Fmedia&parent=6520"}],"wp:term":[{"taxonomy":"category","embeddable":true,"href":"https:\/\/curva1.com.ar\/index.php?rest_route=%2Fwp%2Fv2%2Fcategories&post=6520"},{"taxonomy":"post_tag","embeddable":true,"href":"https:\/\/curva1.com.ar\/index.php?rest_route=%2Fwp%2Fv2%2Ftags&post=6520"}],"curies":[{"name":"wp","href":"https:\/\/api.w.org\/{rel}","templated":true}]}}