{"id":6529,"date":"2013-05-29T10:56:16","date_gmt":"2013-05-29T13:56:16","guid":{"rendered":"http:\/\/www.curva1.com.ar\/?p=6529"},"modified":"2013-05-29T10:56:16","modified_gmt":"2013-05-29T13:56:16","slug":"sofia-bustos-sin-fortuna-en-su-incursion-en-el-automovilismo-de-chile","status":"publish","type":"post","link":"https:\/\/curva1.com.ar\/?p=6529","title":{"rendered":"Sof\u00eda Bustos sin fortuna en su incursi\u00f3n en el automovilismo de Chile"},"content":{"rendered":"<p><img loading=\"lazy\" decoding=\"async\" class=\"aligncenter size-full wp-image-6531\" alt=\"IMG_1607\" src=\"http:\/\/www.curva1.com.ar\/wp-content\/uploads\/2013\/05\/IMG_1607.jpg\" width=\"500\" height=\"281\" srcset=\"https:\/\/curva1.com.ar\/wp-content\/uploads\/2013\/05\/IMG_1607.jpg 500w, https:\/\/curva1.com.ar\/wp-content\/uploads\/2013\/05\/IMG_1607-300x169.jpg 300w\" sizes=\"auto, (max-width: 500px) 100vw, 500px\" \/><\/p>\n<p>La actual piloto del Zonal Cuyano de Pista compiti\u00f3 el pasado fin de semana en el Aut\u00f3dromo de La Serena, mediante una invitaci\u00f3n para manejar un Fiat 600.<\/p>\n<p>&#8220;Disputamos una fecha del Campeonato de Velocidad, dentro de la categoria Monomarca Fiat 600 de 750c.c. No nos fue tan bien, ya que se me cort\u00f3 una masa y no pudimos hacer mucho en pista. El s\u00e1bado tuvimos que cambiar motor y estuvimos algo complicados, pero contenta con la experiencia&#8221; expres\u00f3 Sof\u00eda a Curva 1.<\/p>\n<p><img loading=\"lazy\" decoding=\"async\" class=\"aligncenter size-full wp-image-6530\" alt=\"401020_198364106983500_1042142737_n\" src=\"http:\/\/www.curva1.com.ar\/wp-content\/uploads\/2013\/05\/401020_198364106983500_1042142737_n.jpg\" width=\"370\" height=\"208\" srcset=\"https:\/\/curva1.com.ar\/wp-content\/uploads\/2013\/05\/401020_198364106983500_1042142737_n.jpg 370w, https:\/\/curva1.com.ar\/wp-content\/uploads\/2013\/05\/401020_198364106983500_1042142737_n-300x169.jpg 300w\" sizes=\"auto, (max-width: 370px) 100vw, 370px\" \/><\/p>\n","protected":false},"excerpt":{"rendered":"<p>La actual piloto del Zonal Cuyano de Pista compiti\u00f3 el pasado fin de semana en<\/p>\n","protected":false},"author":1,"featured_media":6531,"comment_status":"open","ping_status":"closed","sticky":false,"template":"","format":"standard","meta":{"footnotes":""},"categories":[6],"tags":[],"class_list":["post-6529","post","type-post","status-publish","format-standard","has-post-thumbnail","hentry","category-nacionales"],"featured_image_urls":{"full":["https:\/\/curva1.com.ar\/wp-content\/uploads\/2013\/05\/IMG_1607.jpg",500,281,false],"thumbnail":["https:\/\/curva1.com.ar\/wp-content\/uploads\/2013\/05\/IMG_1607-300x169.jpg",300,169,true],"medium":["https:\/\/curva1.com.ar\/wp-content\/uploads\/2013\/05\/IMG_1607.jpg",500,281,false],"medium_large":["https:\/\/curva1.com.ar\/wp-content\/uploads\/2013\/05\/IMG_1607.jpg",500,281,false],"large":["https:\/\/curva1.com.ar\/wp-content\/uploads\/2013\/05\/IMG_1607.jpg",500,281,false],"1536x1536":["https:\/\/curva1.com.ar\/wp-content\/uploads\/2013\/05\/IMG_1607.jpg",500,281,false],"2048x2048":["https:\/\/curva1.com.ar\/wp-content\/uploads\/2013\/05\/IMG_1607.jpg",500,281,false],"chromenews-featured":["https:\/\/curva1.com.ar\/wp-content\/uploads\/2013\/05\/IMG_1607.jpg",500,281,false],"chromenews-large":["https:\/\/curva1.com.ar\/wp-content\/uploads\/2013\/05\/IMG_1607.jpg",500,281,false],"chromenews-medium":["https:\/\/curva1.com.ar\/wp-content\/uploads\/2013\/05\/IMG_1607.jpg",500,281,false]},"author_info":{"display_name":"Jos\u00e9 Bravo","author_link":"https:\/\/curva1.com.ar\/?author=1"},"category_info":"<a href=\"https:\/\/curva1.com.ar\/?cat=6\" rel=\"category\">Nacionales<\/a>","tag_info":"Nacionales","comment_count":"0","_links":{"self":[{"href":"https:\/\/curva1.com.ar\/index.php?rest_route=\/wp\/v2\/posts\/6529","targetHints":{"allow":["GET"]}}],"collection":[{"href":"https:\/\/curva1.com.ar\/index.php?rest_route=\/wp\/v2\/posts"}],"about":[{"href":"https:\/\/curva1.com.ar\/index.php?rest_route=\/wp\/v2\/types\/post"}],"author":[{"embeddable":true,"href":"https:\/\/curva1.com.ar\/index.php?rest_route=\/wp\/v2\/users\/1"}],"replies":[{"embeddable":true,"href":"https:\/\/curva1.com.ar\/index.php?rest_route=%2Fwp%2Fv2%2Fcomments&post=6529"}],"version-history":[{"count":1,"href":"https:\/\/curva1.com.ar\/index.php?rest_route=\/wp\/v2\/posts\/6529\/revisions"}],"predecessor-version":[{"id":6532,"href":"https:\/\/curva1.com.ar\/index.php?rest_route=\/wp\/v2\/posts\/6529\/revisions\/6532"}],"wp:featuredmedia":[{"embeddable":true,"href":"https:\/\/curva1.com.ar\/index.php?rest_route=\/wp\/v2\/media\/6531"}],"wp:attachment":[{"href":"https:\/\/curva1.com.ar\/index.php?rest_route=%2Fwp%2Fv2%2Fmedia&parent=6529"}],"wp:term":[{"taxonomy":"category","embeddable":true,"href":"https:\/\/curva1.com.ar\/index.php?rest_route=%2Fwp%2Fv2%2Fcategories&post=6529"},{"taxonomy":"post_tag","embeddable":true,"href":"https:\/\/curva1.com.ar\/index.php?rest_route=%2Fwp%2Fv2%2Ftags&post=6529"}],"curies":[{"name":"wp","href":"https:\/\/api.w.org\/{rel}","templated":true}]}}