{"id":6536,"date":"2013-05-29T11:04:49","date_gmt":"2013-05-29T14:04:49","guid":{"rendered":"http:\/\/www.curva1.com.ar\/?p=6536"},"modified":"2013-05-29T11:07:20","modified_gmt":"2013-05-29T14:07:20","slug":"santero-ensayo-ayer-en-parana-previo-a-la-carrera-de-la-pampa","status":"publish","type":"post","link":"https:\/\/curva1.com.ar\/?p=6536","title":{"rendered":"Santero ensay\u00f3 ayer en Paran\u00e1, previo a la carrera de La Pampa"},"content":{"rendered":"<p><img loading=\"lazy\" decoding=\"async\" class=\"aligncenter size-full wp-image-6539\" alt=\"0037\" src=\"http:\/\/www.curva1.com.ar\/wp-content\/uploads\/2013\/05\/00371.jpg\" width=\"500\" height=\"281\" srcset=\"https:\/\/curva1.com.ar\/wp-content\/uploads\/2013\/05\/00371.jpg 500w, https:\/\/curva1.com.ar\/wp-content\/uploads\/2013\/05\/00371-300x169.jpg 300w\" sizes=\"auto, (max-width: 500px) 100vw, 500px\" \/><\/p>\n<p>El\u00a0<strong>puntero<\/strong>\u00a0del\u00a0<strong>Campeonato Argentino de F\u00f3rmula Renault 2,0 Juli\u00e1n Santero (Gabriel Werner Competici\u00f3n)<\/strong>\u00a0ensay\u00f3 ayer en el \u00a0<strong>Aut\u00f3dromo de Paran\u00e1<\/strong>, con vistas a la\u00a0<strong>4ta fecha<\/strong>\u00a0de la temporada que se disputar\u00e1 \u00e9ste fin de semana en el \u00a0<strong>Aut\u00f3dromo Provincial de La Pampa<\/strong>\u00a0y que tendr\u00e1 dos competencias.<\/p>\n<p>El\u00a0<strong><em>team<\/em><\/strong>\u00a0entrerriano dispuso la realizaci\u00f3n de la prueba, buscando nuevas configuraciones de amortiguadores, con el\u00a0<strong>TITO02<\/strong>\u00a0con el joven piloto mendocino que consigui\u00f3 dos victorias de las tres competencias que ya se disputaron en la temporada.<\/p>\n<p>De la jornada, particip\u00f3 tambi\u00e9n\u00a0<strong>Mariano Werner<\/strong>, supervisando toda la actividad en pista que realizar\u00e1\u00a0<strong>Santero.<\/strong><\/p>\n<p>Si las condiciones clim\u00e1ticas lo permiten,\u00a0<strong>Miguel Calamari<\/strong>\u00a0ensayar\u00e1 hoy, buscando mejorar su unidad para afrontar el pr\u00f3ximo compromiso que lo tendr\u00e1 c\u00f3mo local.<\/p>\n","protected":false},"excerpt":{"rendered":"<p>El\u00a0puntero\u00a0del\u00a0Campeonato Argentino de F\u00f3rmula Renault 2,0 Juli\u00e1n Santero (Gabriel Werner Competici\u00f3n)\u00a0ensay\u00f3 ayer en el \u00a0Aut\u00f3dromo<\/p>\n","protected":false},"author":1,"featured_media":6537,"comment_status":"open","ping_status":"closed","sticky":false,"template":"","format":"standard","meta":{"footnotes":""},"categories":[6],"tags":[],"class_list":["post-6536","post","type-post","status-publish","format-standard","has-post-thumbnail","hentry","category-nacionales"],"featured_image_urls":{"full":["https:\/\/curva1.com.ar\/wp-content\/uploads\/2013\/05\/santeroprueba.jpg",250,141,false],"thumbnail":["https:\/\/curva1.com.ar\/wp-content\/uploads\/2013\/05\/santeroprueba.jpg",250,141,false],"medium":["https:\/\/curva1.com.ar\/wp-content\/uploads\/2013\/05\/santeroprueba.jpg",250,141,false],"medium_large":["https:\/\/curva1.com.ar\/wp-content\/uploads\/2013\/05\/santeroprueba.jpg",250,141,false],"large":["https:\/\/curva1.com.ar\/wp-content\/uploads\/2013\/05\/santeroprueba.jpg",250,141,false],"1536x1536":["https:\/\/curva1.com.ar\/wp-content\/uploads\/2013\/05\/santeroprueba.jpg",250,141,false],"2048x2048":["https:\/\/curva1.com.ar\/wp-content\/uploads\/2013\/05\/santeroprueba.jpg",250,141,false],"chromenews-featured":["https:\/\/curva1.com.ar\/wp-content\/uploads\/2013\/05\/santeroprueba.jpg",250,141,false],"chromenews-large":["https:\/\/curva1.com.ar\/wp-content\/uploads\/2013\/05\/santeroprueba.jpg",250,141,false],"chromenews-medium":["https:\/\/curva1.com.ar\/wp-content\/uploads\/2013\/05\/santeroprueba.jpg",250,141,false]},"author_info":{"display_name":"Jos\u00e9 Bravo","author_link":"https:\/\/curva1.com.ar\/?author=1"},"category_info":"<a href=\"https:\/\/curva1.com.ar\/?cat=6\" rel=\"category\">Nacionales<\/a>","tag_info":"Nacionales","comment_count":"0","_links":{"self":[{"href":"https:\/\/curva1.com.ar\/index.php?rest_route=\/wp\/v2\/posts\/6536","targetHints":{"allow":["GET"]}}],"collection":[{"href":"https:\/\/curva1.com.ar\/index.php?rest_route=\/wp\/v2\/posts"}],"about":[{"href":"https:\/\/curva1.com.ar\/index.php?rest_route=\/wp\/v2\/types\/post"}],"author":[{"embeddable":true,"href":"https:\/\/curva1.com.ar\/index.php?rest_route=\/wp\/v2\/users\/1"}],"replies":[{"embeddable":true,"href":"https:\/\/curva1.com.ar\/index.php?rest_route=%2Fwp%2Fv2%2Fcomments&post=6536"}],"version-history":[{"count":3,"href":"https:\/\/curva1.com.ar\/index.php?rest_route=\/wp\/v2\/posts\/6536\/revisions"}],"predecessor-version":[{"id":6540,"href":"https:\/\/curva1.com.ar\/index.php?rest_route=\/wp\/v2\/posts\/6536\/revisions\/6540"}],"wp:featuredmedia":[{"embeddable":true,"href":"https:\/\/curva1.com.ar\/index.php?rest_route=\/wp\/v2\/media\/6537"}],"wp:attachment":[{"href":"https:\/\/curva1.com.ar\/index.php?rest_route=%2Fwp%2Fv2%2Fmedia&parent=6536"}],"wp:term":[{"taxonomy":"category","embeddable":true,"href":"https:\/\/curva1.com.ar\/index.php?rest_route=%2Fwp%2Fv2%2Fcategories&post=6536"},{"taxonomy":"post_tag","embeddable":true,"href":"https:\/\/curva1.com.ar\/index.php?rest_route=%2Fwp%2Fv2%2Ftags&post=6536"}],"curies":[{"name":"wp","href":"https:\/\/api.w.org\/{rel}","templated":true}]}}