{"id":6560,"date":"2013-05-30T21:14:35","date_gmt":"2013-05-31T00:14:35","guid":{"rendered":"http:\/\/www.curva1.com.ar\/?p=6560"},"modified":"2013-05-30T21:36:46","modified_gmt":"2013-05-31T00:36:46","slug":"roberto-patti-regresa-a-la-clase-2-con-su-clasico-vw-gol","status":"publish","type":"post","link":"https:\/\/curva1.com.ar\/?p=6560","title":{"rendered":"Roberto Patti regresa a la Clase 2 con su cl\u00e1sico VW Gol"},"content":{"rendered":"<p><img loading=\"lazy\" decoding=\"async\" class=\"alignleft size-full wp-image-6561\" alt=\"4b3a28e0ae1e8\" src=\"http:\/\/www.curva1.com.ar\/wp-content\/uploads\/2013\/05\/4b3a28e0ae1e8.jpg\" width=\"269\" height=\"151\" srcset=\"https:\/\/curva1.com.ar\/wp-content\/uploads\/2013\/05\/4b3a28e0ae1e8.jpg 396w, https:\/\/curva1.com.ar\/wp-content\/uploads\/2013\/05\/4b3a28e0ae1e8-300x169.jpg 300w\" sizes=\"auto, (max-width: 269px) 100vw, 269px\" \/>El piloto de Palmira estar\u00e1 presente en la pr\u00f3xima fecha del zonal cuyano a disputarse en San Mart\u00edn.<\/p>\n<p>El &#8220;Gringo&#8221; Patti no corre en la Clase 2 desde la 7\u00ba fecha de la temporada 2012.<\/p>\n","protected":false},"excerpt":{"rendered":"<p>El piloto de Palmira estar\u00e1 presente en la pr\u00f3xima fecha del zonal cuyano a disputarse<\/p>\n","protected":false},"author":1,"featured_media":6561,"comment_status":"open","ping_status":"closed","sticky":false,"template":"","format":"standard","meta":{"footnotes":""},"categories":[1],"tags":[],"class_list":["post-6560","post","type-post","status-publish","format-standard","has-post-thumbnail","hentry","category-zonal-cuyano"],"featured_image_urls":{"full":["https:\/\/curva1.com.ar\/wp-content\/uploads\/2013\/05\/4b3a28e0ae1e8.jpg",396,223,false],"thumbnail":["https:\/\/curva1.com.ar\/wp-content\/uploads\/2013\/05\/4b3a28e0ae1e8-300x169.jpg",300,169,true],"medium":["https:\/\/curva1.com.ar\/wp-content\/uploads\/2013\/05\/4b3a28e0ae1e8.jpg",396,223,false],"medium_large":["https:\/\/curva1.com.ar\/wp-content\/uploads\/2013\/05\/4b3a28e0ae1e8.jpg",396,223,false],"large":["https:\/\/curva1.com.ar\/wp-content\/uploads\/2013\/05\/4b3a28e0ae1e8.jpg",396,223,false],"1536x1536":["https:\/\/curva1.com.ar\/wp-content\/uploads\/2013\/05\/4b3a28e0ae1e8.jpg",396,223,false],"2048x2048":["https:\/\/curva1.com.ar\/wp-content\/uploads\/2013\/05\/4b3a28e0ae1e8.jpg",396,223,false],"chromenews-featured":["https:\/\/curva1.com.ar\/wp-content\/uploads\/2013\/05\/4b3a28e0ae1e8.jpg",396,223,false],"chromenews-large":["https:\/\/curva1.com.ar\/wp-content\/uploads\/2013\/05\/4b3a28e0ae1e8.jpg",396,223,false],"chromenews-medium":["https:\/\/curva1.com.ar\/wp-content\/uploads\/2013\/05\/4b3a28e0ae1e8.jpg",396,223,false]},"author_info":{"display_name":"Jos\u00e9 Bravo","author_link":"https:\/\/curva1.com.ar\/?author=1"},"category_info":"<a href=\"https:\/\/curva1.com.ar\/?cat=1\" rel=\"category\">Zonal Cuyano<\/a>","tag_info":"Zonal Cuyano","comment_count":"0","_links":{"self":[{"href":"https:\/\/curva1.com.ar\/index.php?rest_route=\/wp\/v2\/posts\/6560","targetHints":{"allow":["GET"]}}],"collection":[{"href":"https:\/\/curva1.com.ar\/index.php?rest_route=\/wp\/v2\/posts"}],"about":[{"href":"https:\/\/curva1.com.ar\/index.php?rest_route=\/wp\/v2\/types\/post"}],"author":[{"embeddable":true,"href":"https:\/\/curva1.com.ar\/index.php?rest_route=\/wp\/v2\/users\/1"}],"replies":[{"embeddable":true,"href":"https:\/\/curva1.com.ar\/index.php?rest_route=%2Fwp%2Fv2%2Fcomments&post=6560"}],"version-history":[{"count":4,"href":"https:\/\/curva1.com.ar\/index.php?rest_route=\/wp\/v2\/posts\/6560\/revisions"}],"predecessor-version":[{"id":6563,"href":"https:\/\/curva1.com.ar\/index.php?rest_route=\/wp\/v2\/posts\/6560\/revisions\/6563"}],"wp:featuredmedia":[{"embeddable":true,"href":"https:\/\/curva1.com.ar\/index.php?rest_route=\/wp\/v2\/media\/6561"}],"wp:attachment":[{"href":"https:\/\/curva1.com.ar\/index.php?rest_route=%2Fwp%2Fv2%2Fmedia&parent=6560"}],"wp:term":[{"taxonomy":"category","embeddable":true,"href":"https:\/\/curva1.com.ar\/index.php?rest_route=%2Fwp%2Fv2%2Fcategories&post=6560"},{"taxonomy":"post_tag","embeddable":true,"href":"https:\/\/curva1.com.ar\/index.php?rest_route=%2Fwp%2Fv2%2Ftags&post=6560"}],"curies":[{"name":"wp","href":"https:\/\/api.w.org\/{rel}","templated":true}]}}