{"id":6727,"date":"2013-06-10T22:53:47","date_gmt":"2013-06-11T01:53:47","guid":{"rendered":"http:\/\/www.curva1.com.ar\/?p=6727"},"modified":"2013-06-10T22:54:32","modified_gmt":"2013-06-11T01:54:32","slug":"abandono-de-peluche-caceres-en-el-tc2000-por-problemas-mecanicos","status":"publish","type":"post","link":"https:\/\/curva1.com.ar\/?p=6727","title":{"rendered":"Abandono de C\u00e1ceres en el TC2000 por problemas mec\u00e1nicos"},"content":{"rendered":"<p><img loading=\"lazy\" decoding=\"async\" class=\"aligncenter size-full wp-image-6728\" alt=\"Caceres\" src=\"http:\/\/www.curva1.com.ar\/wp-content\/uploads\/2013\/06\/Caceres.jpg\" width=\"500\" height=\"281\" srcset=\"https:\/\/curva1.com.ar\/wp-content\/uploads\/2013\/06\/Caceres.jpg 500w, https:\/\/curva1.com.ar\/wp-content\/uploads\/2013\/06\/Caceres-300x169.jpg 300w\" sizes=\"auto, (max-width: 500px) 100vw, 500px\" \/><\/p>\n<p>El aut\u00f3dromo platense fue sede de una nueva fecha de TC2000 en la cual Emmanuel C\u00e1ceres debi\u00f3 penar con la rotura de la direcci\u00f3n hidr\u00e1ulica del Peugeot 307 que alista el team Litoral Group.<\/p>\n<p>Desde el inicio de la prueba \u201cPeluche\u201d debi\u00f3 lidiar contra un problema en la unidad del \u201cLe\u00f3n\u201d. Apenas salido a la pista del aut\u00f3dromo \u201cRoberto Mouras\u201d de La Plata, el inconveniente lo tuvo a mal traer, debiendo competir la primera parte de la prueba sin direcci\u00f3n hidr\u00e1ulica.<\/p>\n<p>Promediando la prueba, el ingreso a boxes permiti\u00f3 reabastecer de l\u00edquido de direcci\u00f3n al Peugeot Nro16, que \u00a0volvi\u00f3 a pista para poder terminar la prueba, no sin antes seguir sufriendo con los inconvenientes de dicho elemento.<\/p>\n<p>Finalmente, Emmanuel logr\u00f3 culminar la quinta Final del TC2000 en la 14ta posici\u00f3n de la carrera que gan\u00f3 su coterr\u00e1neo Juli\u00e1n Santero.<\/p>\n<p>La pr\u00f3xima fecha de la especialidad ser\u00e1 el fin de semana del 30 de Junio en el aut\u00f3dromo de la ciudad entrerriana de Concordia.<\/p>\n","protected":false},"excerpt":{"rendered":"<p>El aut\u00f3dromo platense fue sede de una nueva fecha de TC2000 en la cual Emmanuel<\/p>\n","protected":false},"author":1,"featured_media":6728,"comment_status":"open","ping_status":"closed","sticky":false,"template":"","format":"standard","meta":{"footnotes":""},"categories":[6],"tags":[],"class_list":["post-6727","post","type-post","status-publish","format-standard","has-post-thumbnail","hentry","category-nacionales"],"featured_image_urls":{"full":["https:\/\/curva1.com.ar\/wp-content\/uploads\/2013\/06\/Caceres.jpg",500,281,false],"thumbnail":["https:\/\/curva1.com.ar\/wp-content\/uploads\/2013\/06\/Caceres-300x169.jpg",300,169,true],"medium":["https:\/\/curva1.com.ar\/wp-content\/uploads\/2013\/06\/Caceres.jpg",500,281,false],"medium_large":["https:\/\/curva1.com.ar\/wp-content\/uploads\/2013\/06\/Caceres.jpg",500,281,false],"large":["https:\/\/curva1.com.ar\/wp-content\/uploads\/2013\/06\/Caceres.jpg",500,281,false],"1536x1536":["https:\/\/curva1.com.ar\/wp-content\/uploads\/2013\/06\/Caceres.jpg",500,281,false],"2048x2048":["https:\/\/curva1.com.ar\/wp-content\/uploads\/2013\/06\/Caceres.jpg",500,281,false],"chromenews-featured":["https:\/\/curva1.com.ar\/wp-content\/uploads\/2013\/06\/Caceres.jpg",500,281,false],"chromenews-large":["https:\/\/curva1.com.ar\/wp-content\/uploads\/2013\/06\/Caceres.jpg",500,281,false],"chromenews-medium":["https:\/\/curva1.com.ar\/wp-content\/uploads\/2013\/06\/Caceres.jpg",500,281,false]},"author_info":{"display_name":"Jos\u00e9 Bravo","author_link":"https:\/\/curva1.com.ar\/?author=1"},"category_info":"<a href=\"https:\/\/curva1.com.ar\/?cat=6\" rel=\"category\">Nacionales<\/a>","tag_info":"Nacionales","comment_count":"0","_links":{"self":[{"href":"https:\/\/curva1.com.ar\/index.php?rest_route=\/wp\/v2\/posts\/6727","targetHints":{"allow":["GET"]}}],"collection":[{"href":"https:\/\/curva1.com.ar\/index.php?rest_route=\/wp\/v2\/posts"}],"about":[{"href":"https:\/\/curva1.com.ar\/index.php?rest_route=\/wp\/v2\/types\/post"}],"author":[{"embeddable":true,"href":"https:\/\/curva1.com.ar\/index.php?rest_route=\/wp\/v2\/users\/1"}],"replies":[{"embeddable":true,"href":"https:\/\/curva1.com.ar\/index.php?rest_route=%2Fwp%2Fv2%2Fcomments&post=6727"}],"version-history":[{"count":2,"href":"https:\/\/curva1.com.ar\/index.php?rest_route=\/wp\/v2\/posts\/6727\/revisions"}],"predecessor-version":[{"id":6730,"href":"https:\/\/curva1.com.ar\/index.php?rest_route=\/wp\/v2\/posts\/6727\/revisions\/6730"}],"wp:featuredmedia":[{"embeddable":true,"href":"https:\/\/curva1.com.ar\/index.php?rest_route=\/wp\/v2\/media\/6728"}],"wp:attachment":[{"href":"https:\/\/curva1.com.ar\/index.php?rest_route=%2Fwp%2Fv2%2Fmedia&parent=6727"}],"wp:term":[{"taxonomy":"category","embeddable":true,"href":"https:\/\/curva1.com.ar\/index.php?rest_route=%2Fwp%2Fv2%2Fcategories&post=6727"},{"taxonomy":"post_tag","embeddable":true,"href":"https:\/\/curva1.com.ar\/index.php?rest_route=%2Fwp%2Fv2%2Ftags&post=6727"}],"curies":[{"name":"wp","href":"https:\/\/api.w.org\/{rel}","templated":true}]}}