{"id":6740,"date":"2013-06-11T19:59:40","date_gmt":"2013-06-11T22:59:40","guid":{"rendered":"http:\/\/www.curva1.com.ar\/?p=6740"},"modified":"2013-06-11T11:46:52","modified_gmt":"2013-06-11T14:46:52","slug":"donde-estan-los-chivos-los-autos-del-mono-siguen-sin-aparecer","status":"publish","type":"post","link":"https:\/\/curva1.com.ar\/?p=6740","title":{"rendered":"\u00bfD\u00f3nde est\u00e1n los Chivos? Los autos del mo\u00f1o siguen sin aparecer en el TC"},"content":{"rendered":"<p><img loading=\"lazy\" decoding=\"async\" class=\"aligncenter size-full wp-image-6741\" alt=\"OrtelliLedesma2-wpcf_608x279\" src=\"http:\/\/www.curva1.com.ar\/wp-content\/uploads\/2013\/06\/OrtelliLedesma2-wpcf_608x279.jpg\" width=\"496\" height=\"279\" srcset=\"https:\/\/curva1.com.ar\/wp-content\/uploads\/2013\/06\/OrtelliLedesma2-wpcf_608x279.jpg 496w, https:\/\/curva1.com.ar\/wp-content\/uploads\/2013\/06\/OrtelliLedesma2-wpcf_608x279-300x169.jpg 300w\" sizes=\"auto, (max-width: 496px) 100vw, 496px\" \/><\/p>\n<p><b>Los Chevrolet no anduvieron bien en Posadas a pesar de largar a 90 Km\/h y de tener 15 Kg menos. Ac\u00e1 un resumen de lo que fue el fin de semana para los hombres del mo\u00f1o.<\/b><\/p>\n<p>Este fin de semana, luego de otro cambio reglamentario, los autos de la marca del mo\u00f1o anduvieron mal y finalizaron, otra vez, atr\u00e1s.<\/p>\n<p>Hab\u00edan comenzada el viernes esperanzados. Mat\u00edas Rossi (ganador una vez este a\u00f1o, en Olavarr\u00eda), fue tercero en la primera Clasificaci\u00f3n a 0.103s de Jos\u00e9 Mar\u00eda L\u00f3pez, que fue la referencia durante todo el fin de semana.<\/p>\n<p>Otros referentes de la marca, en los entrenamientos del mismo d\u00eda pudieron meterse entre los 15 de arriba,<strong>\u00a0Altuna, Ledesma y Ortelli<\/strong>.<\/p>\n<p>Pero ya las cosas el s\u00e1bado cambiaron. En el segundo entrenamiento s\u00f3lo dos se puedieron meter entre los 15 mejores (Ortelli y Ledesma). Y en la segunda tanda de clasificaci\u00f3n la realidad se hizo evidente otra vez, dos Chevrolet entre los 15. Y mucha bronca.<\/p>\n<p>El domingo, las series.\u00a0<strong>A 90 Km\/h los de mo\u00f1o ten\u00edan la esperanza de mejorar en la largada<\/strong>\u00a0y no perder tanto en relaci\u00f3n a los Ford, que acelerando desde abajo parec\u00edan inalcanzables.<\/p>\n<p><strong>El resultado:<\/strong>\u00a0No hubo cambios. Los<strong>\u00a0Chevrolet<\/strong>\u00a0mejoraron un poco desde la largada, es cierto, pero a la hora de correr tanto las series como la final, no hubo mejora.<em>\u201cDoblando vamos bien, pero a la hora de salir en las curvas y acelerar contra los Ford no tenemos chances<\/em>\u201c, dec\u00eda\u00a0<strong>Christian Ledesma<\/strong>\u00a0despu\u00e9s de ser tercero en la segunda serie.\u00a0<em>\u201cTenemos que seguir trabajando\u201d<\/em>, cerr\u00f3.<\/p>\n<p>Ya en la Final, el propio Ledesma part\u00eda de la cuarta fila y Mat\u00edas Rossi desde la sexta. El resto, atr\u00e1s.<\/p>\n<p>El de Mar del Plata lleg\u00f3 a estar quinto, pero\u00a0<strong>no pudo seguirle el ritmo a los de punta<\/strong>, ni a los Ford, ni a los Dodge, y mucho menos, a los Torino de Girolami y Di Palma.<\/p>\n<p><strong>Resultado: Rossi d\u00e9cimo<\/strong>, sin arriesgar nada, con conocimiento de que si lo hac\u00eda pod\u00eda llegar a perder numerosas posiciones. Sergio Alaux en la posici\u00f3n 17.\u00a0<strong>\u00bfEl resto de los referentes? Ortelli, Ledesma y Canapino abandonaron. Altuna fue exclu\u00eddo.<\/strong><\/p>\n<p><strong>De 10 autos de la marca que largaron, s\u00f3lo 4 llegaron al final. Y \u00fanicamente 2 dentro de los 20.<\/strong><\/p>\n<p><strong><em>\u00bfQu\u00e9 pasa con los Chevrolet? \u00bfLa diferencia la hacen los 100cc m\u00e1s de Ford? \u00bfSiguen en desventaja a pesar de los 15 Kg menos y los 90 Km\/h en la largada? \u00bfY las ventajas que le sacaron los Torino y los Dodge todo el fin de semana?<\/em><\/strong><\/p>\n<p>Estas preguntas seguramente se la hacen los t\u00e9cnicos de Chevrolet y, por el momento, no encuentran respuestas.<\/p>\n<p>Campeones.<\/p>\n","protected":false},"excerpt":{"rendered":"<p>Los Chevrolet no anduvieron bien en Posadas a pesar de largar a 90 Km\/h y<\/p>\n","protected":false},"author":1,"featured_media":6741,"comment_status":"open","ping_status":"closed","sticky":false,"template":"","format":"standard","meta":{"footnotes":""},"categories":[6],"tags":[],"class_list":["post-6740","post","type-post","status-publish","format-standard","has-post-thumbnail","hentry","category-nacionales"],"featured_image_urls":{"full":["https:\/\/curva1.com.ar\/wp-content\/uploads\/2013\/06\/OrtelliLedesma2-wpcf_608x279.jpg",496,279,false],"thumbnail":["https:\/\/curva1.com.ar\/wp-content\/uploads\/2013\/06\/OrtelliLedesma2-wpcf_608x279-300x169.jpg",300,169,true],"medium":["https:\/\/curva1.com.ar\/wp-content\/uploads\/2013\/06\/OrtelliLedesma2-wpcf_608x279.jpg",496,279,false],"medium_large":["https:\/\/curva1.com.ar\/wp-content\/uploads\/2013\/06\/OrtelliLedesma2-wpcf_608x279.jpg",496,279,false],"large":["https:\/\/curva1.com.ar\/wp-content\/uploads\/2013\/06\/OrtelliLedesma2-wpcf_608x279.jpg",496,279,false],"1536x1536":["https:\/\/curva1.com.ar\/wp-content\/uploads\/2013\/06\/OrtelliLedesma2-wpcf_608x279.jpg",496,279,false],"2048x2048":["https:\/\/curva1.com.ar\/wp-content\/uploads\/2013\/06\/OrtelliLedesma2-wpcf_608x279.jpg",496,279,false],"chromenews-featured":["https:\/\/curva1.com.ar\/wp-content\/uploads\/2013\/06\/OrtelliLedesma2-wpcf_608x279.jpg",496,279,false],"chromenews-large":["https:\/\/curva1.com.ar\/wp-content\/uploads\/2013\/06\/OrtelliLedesma2-wpcf_608x279.jpg",496,279,false],"chromenews-medium":["https:\/\/curva1.com.ar\/wp-content\/uploads\/2013\/06\/OrtelliLedesma2-wpcf_608x279.jpg",496,279,false]},"author_info":{"display_name":"Jos\u00e9 Bravo","author_link":"https:\/\/curva1.com.ar\/?author=1"},"category_info":"<a href=\"https:\/\/curva1.com.ar\/?cat=6\" rel=\"category\">Nacionales<\/a>","tag_info":"Nacionales","comment_count":"0","_links":{"self":[{"href":"https:\/\/curva1.com.ar\/index.php?rest_route=\/wp\/v2\/posts\/6740","targetHints":{"allow":["GET"]}}],"collection":[{"href":"https:\/\/curva1.com.ar\/index.php?rest_route=\/wp\/v2\/posts"}],"about":[{"href":"https:\/\/curva1.com.ar\/index.php?rest_route=\/wp\/v2\/types\/post"}],"author":[{"embeddable":true,"href":"https:\/\/curva1.com.ar\/index.php?rest_route=\/wp\/v2\/users\/1"}],"replies":[{"embeddable":true,"href":"https:\/\/curva1.com.ar\/index.php?rest_route=%2Fwp%2Fv2%2Fcomments&post=6740"}],"version-history":[{"count":4,"href":"https:\/\/curva1.com.ar\/index.php?rest_route=\/wp\/v2\/posts\/6740\/revisions"}],"predecessor-version":[{"id":6789,"href":"https:\/\/curva1.com.ar\/index.php?rest_route=\/wp\/v2\/posts\/6740\/revisions\/6789"}],"wp:featuredmedia":[{"embeddable":true,"href":"https:\/\/curva1.com.ar\/index.php?rest_route=\/wp\/v2\/media\/6741"}],"wp:attachment":[{"href":"https:\/\/curva1.com.ar\/index.php?rest_route=%2Fwp%2Fv2%2Fmedia&parent=6740"}],"wp:term":[{"taxonomy":"category","embeddable":true,"href":"https:\/\/curva1.com.ar\/index.php?rest_route=%2Fwp%2Fv2%2Fcategories&post=6740"},{"taxonomy":"post_tag","embeddable":true,"href":"https:\/\/curva1.com.ar\/index.php?rest_route=%2Fwp%2Fv2%2Ftags&post=6740"}],"curies":[{"name":"wp","href":"https:\/\/api.w.org\/{rel}","templated":true}]}}