{"id":6861,"date":"2013-06-14T16:42:19","date_gmt":"2013-06-14T19:42:19","guid":{"rendered":"http:\/\/www.curva1.com.ar\/?p=6861"},"modified":"2013-06-14T16:42:19","modified_gmt":"2013-06-14T19:42:19","slug":"tony-torrent-seria-excluido-de-la-clasificacion-del-tp-1100","status":"publish","type":"post","link":"https:\/\/curva1.com.ar\/?p=6861","title":{"rendered":"Tony Torrent ser\u00eda exclu\u00eddo de la clasificaci\u00f3n del TP 1100"},"content":{"rendered":"<p><img loading=\"lazy\" decoding=\"async\" class=\"aligncenter size-full wp-image-6862\" alt=\"IMG_4423\" src=\"http:\/\/www.curva1.com.ar\/wp-content\/uploads\/2013\/06\/IMG_4423.jpg\" width=\"500\" height=\"281\" srcset=\"https:\/\/curva1.com.ar\/wp-content\/uploads\/2013\/06\/IMG_4423.jpg 500w, https:\/\/curva1.com.ar\/wp-content\/uploads\/2013\/06\/IMG_4423-300x169.jpg 300w\" sizes=\"auto, (max-width: 500px) 100vw, 500px\" \/><\/p>\n<p>El piloto que termin\u00f3 segundo el pasado domingo en el Turismo Pista 1100, no pas\u00f3 la revisi\u00f3n t\u00e9cnica debido a un problema en el venturi de su carburador.<\/p>\n<p>Torrent hab\u00eda sido el primer Fiat 128 en usar motor 1.4.<\/p>\n<p>El segundo lugar del podio ser\u00eda para Jos\u00e9 Lloret, mientras que Mart\u00edn Figueroa pasar\u00eda al tercer lugar.<\/p>\n","protected":false},"excerpt":{"rendered":"<p>El piloto que termin\u00f3 segundo el pasado domingo en el Turismo Pista 1100, no pas\u00f3<\/p>\n","protected":false},"author":1,"featured_media":6862,"comment_status":"open","ping_status":"closed","sticky":false,"template":"","format":"standard","meta":{"footnotes":""},"categories":[1],"tags":[],"class_list":["post-6861","post","type-post","status-publish","format-standard","has-post-thumbnail","hentry","category-zonal-cuyano"],"featured_image_urls":{"full":["https:\/\/curva1.com.ar\/wp-content\/uploads\/2013\/06\/IMG_4423.jpg",500,281,false],"thumbnail":["https:\/\/curva1.com.ar\/wp-content\/uploads\/2013\/06\/IMG_4423-300x169.jpg",300,169,true],"medium":["https:\/\/curva1.com.ar\/wp-content\/uploads\/2013\/06\/IMG_4423.jpg",500,281,false],"medium_large":["https:\/\/curva1.com.ar\/wp-content\/uploads\/2013\/06\/IMG_4423.jpg",500,281,false],"large":["https:\/\/curva1.com.ar\/wp-content\/uploads\/2013\/06\/IMG_4423.jpg",500,281,false],"1536x1536":["https:\/\/curva1.com.ar\/wp-content\/uploads\/2013\/06\/IMG_4423.jpg",500,281,false],"2048x2048":["https:\/\/curva1.com.ar\/wp-content\/uploads\/2013\/06\/IMG_4423.jpg",500,281,false],"chromenews-featured":["https:\/\/curva1.com.ar\/wp-content\/uploads\/2013\/06\/IMG_4423.jpg",500,281,false],"chromenews-large":["https:\/\/curva1.com.ar\/wp-content\/uploads\/2013\/06\/IMG_4423.jpg",500,281,false],"chromenews-medium":["https:\/\/curva1.com.ar\/wp-content\/uploads\/2013\/06\/IMG_4423.jpg",500,281,false]},"author_info":{"display_name":"Jos\u00e9 Bravo","author_link":"https:\/\/curva1.com.ar\/?author=1"},"category_info":"<a href=\"https:\/\/curva1.com.ar\/?cat=1\" rel=\"category\">Zonal Cuyano<\/a>","tag_info":"Zonal Cuyano","comment_count":"0","_links":{"self":[{"href":"https:\/\/curva1.com.ar\/index.php?rest_route=\/wp\/v2\/posts\/6861","targetHints":{"allow":["GET"]}}],"collection":[{"href":"https:\/\/curva1.com.ar\/index.php?rest_route=\/wp\/v2\/posts"}],"about":[{"href":"https:\/\/curva1.com.ar\/index.php?rest_route=\/wp\/v2\/types\/post"}],"author":[{"embeddable":true,"href":"https:\/\/curva1.com.ar\/index.php?rest_route=\/wp\/v2\/users\/1"}],"replies":[{"embeddable":true,"href":"https:\/\/curva1.com.ar\/index.php?rest_route=%2Fwp%2Fv2%2Fcomments&post=6861"}],"version-history":[{"count":2,"href":"https:\/\/curva1.com.ar\/index.php?rest_route=\/wp\/v2\/posts\/6861\/revisions"}],"predecessor-version":[{"id":6864,"href":"https:\/\/curva1.com.ar\/index.php?rest_route=\/wp\/v2\/posts\/6861\/revisions\/6864"}],"wp:featuredmedia":[{"embeddable":true,"href":"https:\/\/curva1.com.ar\/index.php?rest_route=\/wp\/v2\/media\/6862"}],"wp:attachment":[{"href":"https:\/\/curva1.com.ar\/index.php?rest_route=%2Fwp%2Fv2%2Fmedia&parent=6861"}],"wp:term":[{"taxonomy":"category","embeddable":true,"href":"https:\/\/curva1.com.ar\/index.php?rest_route=%2Fwp%2Fv2%2Fcategories&post=6861"},{"taxonomy":"post_tag","embeddable":true,"href":"https:\/\/curva1.com.ar\/index.php?rest_route=%2Fwp%2Fv2%2Ftags&post=6861"}],"curies":[{"name":"wp","href":"https:\/\/api.w.org\/{rel}","templated":true}]}}