{"id":6865,"date":"2013-06-14T16:58:57","date_gmt":"2013-06-14T19:58:57","guid":{"rendered":"http:\/\/www.curva1.com.ar\/?p=6865"},"modified":"2013-06-14T17:06:39","modified_gmt":"2013-06-14T20:06:39","slug":"luis-mathon-confirmo-su-primer-podio-en-la-clase-2-del-zonal-cuyano","status":"publish","type":"post","link":"https:\/\/curva1.com.ar\/?p=6865","title":{"rendered":"Lu\u00eds Mathon confirm\u00f3 su primer podio en la Clase 2 del Zonal"},"content":{"rendered":"<p><img loading=\"lazy\" decoding=\"async\" class=\"aligncenter size-full wp-image-6866\" alt=\"IMG_4497\" src=\"http:\/\/www.curva1.com.ar\/wp-content\/uploads\/2013\/06\/IMG_4497.jpg\" width=\"500\" height=\"281\" srcset=\"https:\/\/curva1.com.ar\/wp-content\/uploads\/2013\/06\/IMG_4497.jpg 500w, https:\/\/curva1.com.ar\/wp-content\/uploads\/2013\/06\/IMG_4497-300x169.jpg 300w\" sizes=\"auto, (max-width: 500px) 100vw, 500px\" \/><\/p>\n<p>El piloto de Palmira pas\u00f3 con \u00e9xito la revisi\u00f3n t\u00e9cnica, tras terminar en la tercera posici\u00f3n el domingo pasado y confirm\u00f3 el festejo por su primer podio en la categor\u00eda.<\/p>\n<p><strong>&#8220;Confirmado el tercer puesto luego de pasada la t\u00e9cnica. Solamente manifestar mi agradecimientos a Daniel y Matias Antol\u00edn, Tapita, Mauri, Ricardo (reincorporacion aceptada) por todo el esfuerzo para que el auto sea competitivo y llevarlo a los primeros lugares. La calidad de personas para transmitir sus conocimientos y hacer que disfrute cada dia de esta pasion&#8221;<\/strong> explic\u00f3 Mathon en el d\u00eda de ayer.<\/p>\n","protected":false},"excerpt":{"rendered":"<p>El piloto de Palmira pas\u00f3 con \u00e9xito la revisi\u00f3n t\u00e9cnica, tras terminar en la tercera<\/p>\n","protected":false},"author":1,"featured_media":6866,"comment_status":"open","ping_status":"closed","sticky":false,"template":"","format":"standard","meta":{"footnotes":""},"categories":[1],"tags":[],"class_list":["post-6865","post","type-post","status-publish","format-standard","has-post-thumbnail","hentry","category-zonal-cuyano"],"featured_image_urls":{"full":["https:\/\/curva1.com.ar\/wp-content\/uploads\/2013\/06\/IMG_4497.jpg",500,281,false],"thumbnail":["https:\/\/curva1.com.ar\/wp-content\/uploads\/2013\/06\/IMG_4497-300x169.jpg",300,169,true],"medium":["https:\/\/curva1.com.ar\/wp-content\/uploads\/2013\/06\/IMG_4497.jpg",500,281,false],"medium_large":["https:\/\/curva1.com.ar\/wp-content\/uploads\/2013\/06\/IMG_4497.jpg",500,281,false],"large":["https:\/\/curva1.com.ar\/wp-content\/uploads\/2013\/06\/IMG_4497.jpg",500,281,false],"1536x1536":["https:\/\/curva1.com.ar\/wp-content\/uploads\/2013\/06\/IMG_4497.jpg",500,281,false],"2048x2048":["https:\/\/curva1.com.ar\/wp-content\/uploads\/2013\/06\/IMG_4497.jpg",500,281,false],"chromenews-featured":["https:\/\/curva1.com.ar\/wp-content\/uploads\/2013\/06\/IMG_4497.jpg",500,281,false],"chromenews-large":["https:\/\/curva1.com.ar\/wp-content\/uploads\/2013\/06\/IMG_4497.jpg",500,281,false],"chromenews-medium":["https:\/\/curva1.com.ar\/wp-content\/uploads\/2013\/06\/IMG_4497.jpg",500,281,false]},"author_info":{"display_name":"Jos\u00e9 Bravo","author_link":"https:\/\/curva1.com.ar\/?author=1"},"category_info":"<a href=\"https:\/\/curva1.com.ar\/?cat=1\" rel=\"category\">Zonal Cuyano<\/a>","tag_info":"Zonal Cuyano","comment_count":"0","_links":{"self":[{"href":"https:\/\/curva1.com.ar\/index.php?rest_route=\/wp\/v2\/posts\/6865","targetHints":{"allow":["GET"]}}],"collection":[{"href":"https:\/\/curva1.com.ar\/index.php?rest_route=\/wp\/v2\/posts"}],"about":[{"href":"https:\/\/curva1.com.ar\/index.php?rest_route=\/wp\/v2\/types\/post"}],"author":[{"embeddable":true,"href":"https:\/\/curva1.com.ar\/index.php?rest_route=\/wp\/v2\/users\/1"}],"replies":[{"embeddable":true,"href":"https:\/\/curva1.com.ar\/index.php?rest_route=%2Fwp%2Fv2%2Fcomments&post=6865"}],"version-history":[{"count":2,"href":"https:\/\/curva1.com.ar\/index.php?rest_route=\/wp\/v2\/posts\/6865\/revisions"}],"predecessor-version":[{"id":6872,"href":"https:\/\/curva1.com.ar\/index.php?rest_route=\/wp\/v2\/posts\/6865\/revisions\/6872"}],"wp:featuredmedia":[{"embeddable":true,"href":"https:\/\/curva1.com.ar\/index.php?rest_route=\/wp\/v2\/media\/6866"}],"wp:attachment":[{"href":"https:\/\/curva1.com.ar\/index.php?rest_route=%2Fwp%2Fv2%2Fmedia&parent=6865"}],"wp:term":[{"taxonomy":"category","embeddable":true,"href":"https:\/\/curva1.com.ar\/index.php?rest_route=%2Fwp%2Fv2%2Fcategories&post=6865"},{"taxonomy":"post_tag","embeddable":true,"href":"https:\/\/curva1.com.ar\/index.php?rest_route=%2Fwp%2Fv2%2Ftags&post=6865"}],"curies":[{"name":"wp","href":"https:\/\/api.w.org\/{rel}","templated":true}]}}