{"id":6868,"date":"2013-06-14T17:05:50","date_gmt":"2013-06-14T20:05:50","guid":{"rendered":"http:\/\/www.curva1.com.ar\/?p=6868"},"modified":"2013-06-14T17:06:30","modified_gmt":"2013-06-14T20:06:30","slug":"jose-paris-quiere-hacer-debutar-su-clase-2-en-la-quebrada-rugiente","status":"publish","type":"post","link":"https:\/\/curva1.com.ar\/?p=6868","title":{"rendered":"Jos\u00e9 Par\u00eds quiere hacer debutar su Clase 2 en La Quebrada Rugiente"},"content":{"rendered":"<figure id=\"attachment_6869\" aria-describedby=\"caption-attachment-6869\" style=\"width: 500px\" class=\"wp-caption aligncenter\"><img loading=\"lazy\" decoding=\"async\" class=\"size-full wp-image-6869\" alt=\"IMG_4707\" src=\"http:\/\/www.curva1.com.ar\/wp-content\/uploads\/2013\/06\/IMG_4707.jpg\" width=\"500\" height=\"281\" srcset=\"https:\/\/curva1.com.ar\/wp-content\/uploads\/2013\/06\/IMG_4707.jpg 500w, https:\/\/curva1.com.ar\/wp-content\/uploads\/2013\/06\/IMG_4707-300x169.jpg 300w\" sizes=\"auto, (max-width: 500px) 100vw, 500px\" \/><figcaption id=\"caption-attachment-6869\" class=\"wp-caption-text\">Jos\u00e9 Par\u00eds y Daniel Gerardi, visitando el karting cuyano<\/figcaption><\/figure>\n<p>El piloto de Guaymall\u00e9n planea regresar al Zonal Cuyano y para ello tiene su nuevo auto en el taller de Daniel Gerardi donde se trabaja para terminar algunos detalles.<\/p>\n<p>El VW Gol, de color blanco, est\u00e1 muy avanzado y es una de las posibilidades ponerlo en pista en la pr\u00f3xima carrera del zonal que se estima ser\u00e1 en la provincia de San Juan.<\/p>\n","protected":false},"excerpt":{"rendered":"<p>El piloto de Guaymall\u00e9n planea regresar al Zonal Cuyano y para ello tiene su nuevo<\/p>\n","protected":false},"author":1,"featured_media":6869,"comment_status":"open","ping_status":"closed","sticky":false,"template":"","format":"standard","meta":{"footnotes":""},"categories":[1],"tags":[],"class_list":["post-6868","post","type-post","status-publish","format-standard","has-post-thumbnail","hentry","category-zonal-cuyano"],"featured_image_urls":{"full":["https:\/\/curva1.com.ar\/wp-content\/uploads\/2013\/06\/IMG_4707.jpg",500,281,false],"thumbnail":["https:\/\/curva1.com.ar\/wp-content\/uploads\/2013\/06\/IMG_4707-300x169.jpg",300,169,true],"medium":["https:\/\/curva1.com.ar\/wp-content\/uploads\/2013\/06\/IMG_4707.jpg",500,281,false],"medium_large":["https:\/\/curva1.com.ar\/wp-content\/uploads\/2013\/06\/IMG_4707.jpg",500,281,false],"large":["https:\/\/curva1.com.ar\/wp-content\/uploads\/2013\/06\/IMG_4707.jpg",500,281,false],"1536x1536":["https:\/\/curva1.com.ar\/wp-content\/uploads\/2013\/06\/IMG_4707.jpg",500,281,false],"2048x2048":["https:\/\/curva1.com.ar\/wp-content\/uploads\/2013\/06\/IMG_4707.jpg",500,281,false],"chromenews-featured":["https:\/\/curva1.com.ar\/wp-content\/uploads\/2013\/06\/IMG_4707.jpg",500,281,false],"chromenews-large":["https:\/\/curva1.com.ar\/wp-content\/uploads\/2013\/06\/IMG_4707.jpg",500,281,false],"chromenews-medium":["https:\/\/curva1.com.ar\/wp-content\/uploads\/2013\/06\/IMG_4707.jpg",500,281,false]},"author_info":{"display_name":"Jos\u00e9 Bravo","author_link":"https:\/\/curva1.com.ar\/?author=1"},"category_info":"<a href=\"https:\/\/curva1.com.ar\/?cat=1\" rel=\"category\">Zonal Cuyano<\/a>","tag_info":"Zonal Cuyano","comment_count":"0","_links":{"self":[{"href":"https:\/\/curva1.com.ar\/index.php?rest_route=\/wp\/v2\/posts\/6868","targetHints":{"allow":["GET"]}}],"collection":[{"href":"https:\/\/curva1.com.ar\/index.php?rest_route=\/wp\/v2\/posts"}],"about":[{"href":"https:\/\/curva1.com.ar\/index.php?rest_route=\/wp\/v2\/types\/post"}],"author":[{"embeddable":true,"href":"https:\/\/curva1.com.ar\/index.php?rest_route=\/wp\/v2\/users\/1"}],"replies":[{"embeddable":true,"href":"https:\/\/curva1.com.ar\/index.php?rest_route=%2Fwp%2Fv2%2Fcomments&post=6868"}],"version-history":[{"count":2,"href":"https:\/\/curva1.com.ar\/index.php?rest_route=\/wp\/v2\/posts\/6868\/revisions"}],"predecessor-version":[{"id":6871,"href":"https:\/\/curva1.com.ar\/index.php?rest_route=\/wp\/v2\/posts\/6868\/revisions\/6871"}],"wp:featuredmedia":[{"embeddable":true,"href":"https:\/\/curva1.com.ar\/index.php?rest_route=\/wp\/v2\/media\/6869"}],"wp:attachment":[{"href":"https:\/\/curva1.com.ar\/index.php?rest_route=%2Fwp%2Fv2%2Fmedia&parent=6868"}],"wp:term":[{"taxonomy":"category","embeddable":true,"href":"https:\/\/curva1.com.ar\/index.php?rest_route=%2Fwp%2Fv2%2Fcategories&post=6868"},{"taxonomy":"post_tag","embeddable":true,"href":"https:\/\/curva1.com.ar\/index.php?rest_route=%2Fwp%2Fv2%2Ftags&post=6868"}],"curies":[{"name":"wp","href":"https:\/\/api.w.org\/{rel}","templated":true}]}}