{"id":6886,"date":"2013-06-15T12:12:11","date_gmt":"2013-06-15T15:12:11","guid":{"rendered":"http:\/\/www.curva1.com.ar\/?p=6886"},"modified":"2013-06-15T12:19:40","modified_gmt":"2013-06-15T15:19:40","slug":"resultados-y-excluidos-confirmados-de-la-3o-fecha-del-zonal-cuyano","status":"publish","type":"post","link":"https:\/\/curva1.com.ar\/?p=6886","title":{"rendered":"Resultados y excluidos confirmados de la 3\u00ba fecha del Zonal Cuyano"},"content":{"rendered":"<figure id=\"attachment_6887\" aria-describedby=\"caption-attachment-6887\" style=\"width: 500px\" class=\"wp-caption aligncenter\"><img loading=\"lazy\" decoding=\"async\" class=\"size-full wp-image-6887\" alt=\"Jos\u00e9 Lloret qued\u00f3 segundo en el TP 1100\" src=\"http:\/\/www.curva1.com.ar\/wp-content\/uploads\/2013\/06\/5566_144647682394202_648596172_n1.jpg\" width=\"500\" height=\"281\" srcset=\"https:\/\/curva1.com.ar\/wp-content\/uploads\/2013\/06\/5566_144647682394202_648596172_n1.jpg 500w, https:\/\/curva1.com.ar\/wp-content\/uploads\/2013\/06\/5566_144647682394202_648596172_n1-300x169.jpg 300w\" sizes=\"auto, (max-width: 500px) 100vw, 500px\" \/><figcaption id=\"caption-attachment-6887\" class=\"wp-caption-text\">Jos\u00e9 Lloret qued\u00f3 segundo en el TP 1100 (Foto Femad)<\/figcaption><\/figure>\n<p>La Federaci\u00f3n confirm\u00f3 los resultados de la 3\u00ba fecha del Zonal Cuyano que se llev\u00f3 a cabo el fin de semana pasado, con una gran cantidad de exclusiones, como se preve\u00eda. Las novedades por categor\u00eda:<\/p>\n<p><strong>CLASE 1<\/strong><\/p>\n<p>Sin datos relevantes.<\/p>\n<blockquote><p>Gan\u00f3 Persia, seguido de Bustos y Quiroga.<\/p><\/blockquote>\n<p><strong>TURISMO PISTA 1100<\/strong><\/p>\n<blockquote><p>\u00a0Gan\u00f3 Antol\u00edn, seguido de Persia y Mathon.<\/p><\/blockquote>\n<p><strong>TC CUYANO<\/strong><\/p>\n<p>Se excluyeron los 5 primeros de la final.<\/p>\n<blockquote><p>Gan\u00f3 Valentino, seguido de Gonzalo Palau y Conde Benedetti.<\/p><\/blockquote>\n<p>Auto N\u00ba 1 Franco Benedetti, Excluido por no ajustarse las parrillas superiores delanteras al reglamento t\u00e9cnico.-<br \/>\nAuto N\u00ba 6 Gerardo Mart\u00edn, Excluido por no ajustarse las parrillas superiores delanteras al reglamento t\u00e9cnico.-<br \/>\nAuto N\u00ba 10 Hugo Gottardini, Excluido por no ajustarse las parrillas superiores delanteras al reglamento t\u00e9cnico.-<br \/>\nAuto N\u00ba 12 Marcos Serra, Excluido por no ajustarse las parrillas superiores delanteras al reglamento t\u00e9cnico.-<br \/>\nAuto N\u00ba 8 Carlos Bachiochi, Excluido por tener plaqueta separadora del carburador no ajustada al reglamento.-<\/p>\n<p><strong>TURISMO PISTA 1100<br \/>\n<\/strong><\/p>\n<p>Exclueron a Tony Torrent que hab\u00eda terminado segundo en pista.<\/p>\n<blockquote><p>Gan\u00f3 Fern\u00e1ndez, seguido de Lloret y Figueroa.<\/p><\/blockquote>\n<p>Auto N\u00ba 11 Federico Inzirillo, Excluido por tener un difusor m\u00e1s grande que medida permitida por reglament<br \/>\nAuto N\u00ba 30 Antonio Torrent, Excluido por tener un difusor m\u00e1s grande que medida permitida por reglamento<\/p>\n<blockquote><p><span style=\"color: #ff0000;\">Mira todos los resultados confirmado <a href=\"http:\/\/femadmza.com.ar\/2013\/Zonal\/Zonal03.htm\" target=\"_blank\"><span style=\"color: #ff0000;\"><strong>ACA<\/strong><\/span><\/a><\/span><\/p><\/blockquote>\n","protected":false},"excerpt":{"rendered":"<p>La Federaci\u00f3n confirm\u00f3 los resultados de la 3\u00ba fecha del Zonal Cuyano que se llev\u00f3<\/p>\n","protected":false},"author":1,"featured_media":6887,"comment_status":"open","ping_status":"closed","sticky":false,"template":"","format":"standard","meta":{"footnotes":""},"categories":[1],"tags":[],"class_list":["post-6886","post","type-post","status-publish","format-standard","has-post-thumbnail","hentry","category-zonal-cuyano"],"featured_image_urls":{"full":["https:\/\/curva1.com.ar\/wp-content\/uploads\/2013\/06\/5566_144647682394202_648596172_n1.jpg",500,281,false],"thumbnail":["https:\/\/curva1.com.ar\/wp-content\/uploads\/2013\/06\/5566_144647682394202_648596172_n1-300x169.jpg",300,169,true],"medium":["https:\/\/curva1.com.ar\/wp-content\/uploads\/2013\/06\/5566_144647682394202_648596172_n1.jpg",500,281,false],"medium_large":["https:\/\/curva1.com.ar\/wp-content\/uploads\/2013\/06\/5566_144647682394202_648596172_n1.jpg",500,281,false],"large":["https:\/\/curva1.com.ar\/wp-content\/uploads\/2013\/06\/5566_144647682394202_648596172_n1.jpg",500,281,false],"1536x1536":["https:\/\/curva1.com.ar\/wp-content\/uploads\/2013\/06\/5566_144647682394202_648596172_n1.jpg",500,281,false],"2048x2048":["https:\/\/curva1.com.ar\/wp-content\/uploads\/2013\/06\/5566_144647682394202_648596172_n1.jpg",500,281,false],"chromenews-featured":["https:\/\/curva1.com.ar\/wp-content\/uploads\/2013\/06\/5566_144647682394202_648596172_n1.jpg",500,281,false],"chromenews-large":["https:\/\/curva1.com.ar\/wp-content\/uploads\/2013\/06\/5566_144647682394202_648596172_n1.jpg",500,281,false],"chromenews-medium":["https:\/\/curva1.com.ar\/wp-content\/uploads\/2013\/06\/5566_144647682394202_648596172_n1.jpg",500,281,false]},"author_info":{"display_name":"Jos\u00e9 Bravo","author_link":"https:\/\/curva1.com.ar\/?author=1"},"category_info":"<a href=\"https:\/\/curva1.com.ar\/?cat=1\" rel=\"category\">Zonal Cuyano<\/a>","tag_info":"Zonal Cuyano","comment_count":"0","_links":{"self":[{"href":"https:\/\/curva1.com.ar\/index.php?rest_route=\/wp\/v2\/posts\/6886","targetHints":{"allow":["GET"]}}],"collection":[{"href":"https:\/\/curva1.com.ar\/index.php?rest_route=\/wp\/v2\/posts"}],"about":[{"href":"https:\/\/curva1.com.ar\/index.php?rest_route=\/wp\/v2\/types\/post"}],"author":[{"embeddable":true,"href":"https:\/\/curva1.com.ar\/index.php?rest_route=\/wp\/v2\/users\/1"}],"replies":[{"embeddable":true,"href":"https:\/\/curva1.com.ar\/index.php?rest_route=%2Fwp%2Fv2%2Fcomments&post=6886"}],"version-history":[{"count":4,"href":"https:\/\/curva1.com.ar\/index.php?rest_route=\/wp\/v2\/posts\/6886\/revisions"}],"predecessor-version":[{"id":6890,"href":"https:\/\/curva1.com.ar\/index.php?rest_route=\/wp\/v2\/posts\/6886\/revisions\/6890"}],"wp:featuredmedia":[{"embeddable":true,"href":"https:\/\/curva1.com.ar\/index.php?rest_route=\/wp\/v2\/media\/6887"}],"wp:attachment":[{"href":"https:\/\/curva1.com.ar\/index.php?rest_route=%2Fwp%2Fv2%2Fmedia&parent=6886"}],"wp:term":[{"taxonomy":"category","embeddable":true,"href":"https:\/\/curva1.com.ar\/index.php?rest_route=%2Fwp%2Fv2%2Fcategories&post=6886"},{"taxonomy":"post_tag","embeddable":true,"href":"https:\/\/curva1.com.ar\/index.php?rest_route=%2Fwp%2Fv2%2Ftags&post=6886"}],"curies":[{"name":"wp","href":"https:\/\/api.w.org\/{rel}","templated":true}]}}