{"id":6953,"date":"2013-06-19T18:44:04","date_gmt":"2013-06-19T21:44:04","guid":{"rendered":"http:\/\/www.curva1.com.ar\/?p=6953"},"modified":"2013-06-19T19:55:04","modified_gmt":"2013-06-19T22:55:04","slug":"hugo-alvarez-tenemos-todo-listo-para-que-el-fin-de-semana-tengamos-un-gran-espectaculo-de-tradicionales","status":"publish","type":"post","link":"https:\/\/curva1.com.ar\/?p=6953","title":{"rendered":"Hugo Alvarez &#8220;Tenemos todo listo para que tengamos un gran espect\u00e1culo de Tradicionales&#8221;"},"content":{"rendered":"<p><img loading=\"lazy\" decoding=\"async\" class=\"aligncenter size-full wp-image-6954\" alt=\"TRA02-77\" src=\"http:\/\/www.curva1.com.ar\/wp-content\/uploads\/2013\/06\/TRA02-77.jpg\" width=\"500\" height=\"281\" srcset=\"https:\/\/curva1.com.ar\/wp-content\/uploads\/2013\/06\/TRA02-77.jpg 500w, https:\/\/curva1.com.ar\/wp-content\/uploads\/2013\/06\/TRA02-77-300x169.jpg 300w\" sizes=\"auto, (max-width: 500px) 100vw, 500px\" \/><\/p>\n<p>El presidente del Sport 4 Sure\u00f1o habl\u00f3 en <strong>Curva 1 RADIO<\/strong> sobre la pr\u00f3xima fecha de Tradicionales que se corre este fin de semana en el aut\u00f3dromo de Gral Alvear.<\/p>\n<p><strong>&#8220;Estamos trabajando en el aut\u00f3dromo y tenemos casi todos listo. Al circuito se le est\u00e1 echando agua para dejarlo de la mejor manera para el domingo y que sea un gran espect\u00e1culo. Hemos ensanchado dos curvas y esperamos que el piso se comporte bien, ya que es invierno y eso nos favorece en cuanto a la humedad de la tierra compactada. Dos empresas del medios auspiciar\u00e1n la fecha. La gente de Gral Alvear es muy fierrera y se ha demostrado mucho en el karting, que hay una gran cantidad en la zona. El automovilismo es m\u00e1s caro, pero tambi\u00e9n se demuestra&#8221;<\/strong> explic\u00f3.<\/p>\n<p>Para finalizar, Alvarez dijo <strong>&#8220;Ac\u00e1 en Gral Alvear hay un espect\u00e1culo de Box a nivel internacional y lamentablemente ha acaparado toda la atenci\u00f3n en cuanto a alojamiento, por lo que en esta ocasi\u00f3n no podremos brindarle a los pilotos el albergue que siempre damos. Estoy en cama por una operaci\u00f3n y por tal raz\u00f3n quiero agradecer a todos los que han colaborado en la organizaci\u00f3n del evento. Esperamos con alegr\u00eda a todos los pilotos de Mendoza para que transiten un aut\u00f3dromo veloz y bien presentado, porque hemos trabajado para eso con todo el grupo del Sport 4 Sure\u00f1o&#8221;.<\/strong><\/p>\n","protected":false},"excerpt":{"rendered":"<p>El presidente del Sport 4 Sure\u00f1o habl\u00f3 en Curva 1 RADIO sobre la pr\u00f3xima fecha<\/p>\n","protected":false},"author":1,"featured_media":6954,"comment_status":"open","ping_status":"closed","sticky":false,"template":"","format":"standard","meta":{"footnotes":""},"categories":[3],"tags":[],"class_list":["post-6953","post","type-post","status-publish","format-standard","has-post-thumbnail","hentry","category-tradicionales"],"featured_image_urls":{"full":["https:\/\/curva1.com.ar\/wp-content\/uploads\/2013\/06\/TRA02-77.jpg",500,281,false],"thumbnail":["https:\/\/curva1.com.ar\/wp-content\/uploads\/2013\/06\/TRA02-77-300x169.jpg",300,169,true],"medium":["https:\/\/curva1.com.ar\/wp-content\/uploads\/2013\/06\/TRA02-77.jpg",500,281,false],"medium_large":["https:\/\/curva1.com.ar\/wp-content\/uploads\/2013\/06\/TRA02-77.jpg",500,281,false],"large":["https:\/\/curva1.com.ar\/wp-content\/uploads\/2013\/06\/TRA02-77.jpg",500,281,false],"1536x1536":["https:\/\/curva1.com.ar\/wp-content\/uploads\/2013\/06\/TRA02-77.jpg",500,281,false],"2048x2048":["https:\/\/curva1.com.ar\/wp-content\/uploads\/2013\/06\/TRA02-77.jpg",500,281,false],"chromenews-featured":["https:\/\/curva1.com.ar\/wp-content\/uploads\/2013\/06\/TRA02-77.jpg",500,281,false],"chromenews-large":["https:\/\/curva1.com.ar\/wp-content\/uploads\/2013\/06\/TRA02-77.jpg",500,281,false],"chromenews-medium":["https:\/\/curva1.com.ar\/wp-content\/uploads\/2013\/06\/TRA02-77.jpg",500,281,false]},"author_info":{"display_name":"Jos\u00e9 Bravo","author_link":"https:\/\/curva1.com.ar\/?author=1"},"category_info":"<a href=\"https:\/\/curva1.com.ar\/?cat=3\" rel=\"category\">Tradicionales<\/a>","tag_info":"Tradicionales","comment_count":"0","_links":{"self":[{"href":"https:\/\/curva1.com.ar\/index.php?rest_route=\/wp\/v2\/posts\/6953","targetHints":{"allow":["GET"]}}],"collection":[{"href":"https:\/\/curva1.com.ar\/index.php?rest_route=\/wp\/v2\/posts"}],"about":[{"href":"https:\/\/curva1.com.ar\/index.php?rest_route=\/wp\/v2\/types\/post"}],"author":[{"embeddable":true,"href":"https:\/\/curva1.com.ar\/index.php?rest_route=\/wp\/v2\/users\/1"}],"replies":[{"embeddable":true,"href":"https:\/\/curva1.com.ar\/index.php?rest_route=%2Fwp%2Fv2%2Fcomments&post=6953"}],"version-history":[{"count":6,"href":"https:\/\/curva1.com.ar\/index.php?rest_route=\/wp\/v2\/posts\/6953\/revisions"}],"predecessor-version":[{"id":6958,"href":"https:\/\/curva1.com.ar\/index.php?rest_route=\/wp\/v2\/posts\/6953\/revisions\/6958"}],"wp:featuredmedia":[{"embeddable":true,"href":"https:\/\/curva1.com.ar\/index.php?rest_route=\/wp\/v2\/media\/6954"}],"wp:attachment":[{"href":"https:\/\/curva1.com.ar\/index.php?rest_route=%2Fwp%2Fv2%2Fmedia&parent=6953"}],"wp:term":[{"taxonomy":"category","embeddable":true,"href":"https:\/\/curva1.com.ar\/index.php?rest_route=%2Fwp%2Fv2%2Fcategories&post=6953"},{"taxonomy":"post_tag","embeddable":true,"href":"https:\/\/curva1.com.ar\/index.php?rest_route=%2Fwp%2Fv2%2Ftags&post=6953"}],"curies":[{"name":"wp","href":"https:\/\/api.w.org\/{rel}","templated":true}]}}