{"id":6975,"date":"2013-06-19T20:05:26","date_gmt":"2013-06-19T23:05:26","guid":{"rendered":"http:\/\/www.curva1.com.ar\/?p=6975"},"modified":"2013-06-19T20:39:01","modified_gmt":"2013-06-19T23:39:01","slug":"guillermo-ortelli-volvio-al-jp-racing-que-el-que-se-consagro-en-el-2008","status":"publish","type":"post","link":"https:\/\/curva1.com.ar\/?p=6975","title":{"rendered":"Guillermo Ortelli volvi\u00f3 al JP Racing que el que se consagr\u00f3 campe\u00f3n del TC en el 2008"},"content":{"rendered":"<p><img loading=\"lazy\" decoding=\"async\" class=\"aligncenter size-full wp-image-6976\" alt=\"Ortelli fda6\" src=\"http:\/\/www.curva1.com.ar\/wp-content\/uploads\/2013\/06\/Ortelli-fda6.png\" width=\"500\" height=\"281\" srcset=\"https:\/\/curva1.com.ar\/wp-content\/uploads\/2013\/06\/Ortelli-fda6.png 500w, https:\/\/curva1.com.ar\/wp-content\/uploads\/2013\/06\/Ortelli-fda6-300x169.png 300w\" sizes=\"auto, (max-width: 500px) 100vw, 500px\" \/><\/p>\n<p>El s\u00e9xtuple campe\u00f3n decidi\u00f3 cambiar de equipo y regresa a la escuadra con la que consigui\u00f3 su t\u00edtulo de 2008.<\/p>\n<p>El rumor fue creciendo d\u00eda por d\u00eda y este martes se convirti\u00f3 en realidad, el retorno de Guillermo Ortelli a la formaci\u00f3n que vuelve a conducir Gustavo Lema.<\/p>\n<p>La noticia se confirm\u00f3 a\u00a0las 18 horas, pero era un &#8220;secreto a voces&#8221; y algo adelant\u00f3\u00a0Ortelli en\u00a0la entrevista de Largaron TV realizada horas antes.<\/p>\n<p>El regreso del piloto de Salto tendr\u00e1 efecto inmediato y ser\u00eda a partir de la competencia en Rafaela del 30 de junio si el veh\u00edculo elegido est\u00e1 en condiciones de competir a\u00a0pleno.<\/p>\n<p>Ortelli utilizar\u00e1 una cup\u00e9 Chevy que condujera Franco Vivian en TC Pista y luego &#8220;Manu&#8221; Urcera corerspondiente al WCC del Bocha\u00a0Ciantini, llevar\u00e1 motores de Fabio &#8220;Chino&#8221; Mart\u00ednez y atenci\u00f3n en el chasis de Ariel Lucesioli.<\/p>\n<p>&nbsp;<\/p>\n","protected":false},"excerpt":{"rendered":"<p>El s\u00e9xtuple campe\u00f3n decidi\u00f3 cambiar de equipo y regresa a la escuadra con la que<\/p>\n","protected":false},"author":1,"featured_media":6979,"comment_status":"open","ping_status":"closed","sticky":false,"template":"","format":"standard","meta":{"footnotes":""},"categories":[6],"tags":[],"class_list":["post-6975","post","type-post","status-publish","format-standard","has-post-thumbnail","hentry","category-nacionales"],"featured_image_urls":{"full":["https:\/\/curva1.com.ar\/wp-content\/uploads\/2013\/06\/Ortelli-fda61.png",500,281,false],"thumbnail":["https:\/\/curva1.com.ar\/wp-content\/uploads\/2013\/06\/Ortelli-fda61-300x169.png",300,169,true],"medium":["https:\/\/curva1.com.ar\/wp-content\/uploads\/2013\/06\/Ortelli-fda61.png",500,281,false],"medium_large":["https:\/\/curva1.com.ar\/wp-content\/uploads\/2013\/06\/Ortelli-fda61.png",500,281,false],"large":["https:\/\/curva1.com.ar\/wp-content\/uploads\/2013\/06\/Ortelli-fda61.png",500,281,false],"1536x1536":["https:\/\/curva1.com.ar\/wp-content\/uploads\/2013\/06\/Ortelli-fda61.png",500,281,false],"2048x2048":["https:\/\/curva1.com.ar\/wp-content\/uploads\/2013\/06\/Ortelli-fda61.png",500,281,false],"chromenews-featured":["https:\/\/curva1.com.ar\/wp-content\/uploads\/2013\/06\/Ortelli-fda61.png",500,281,false],"chromenews-large":["https:\/\/curva1.com.ar\/wp-content\/uploads\/2013\/06\/Ortelli-fda61.png",500,281,false],"chromenews-medium":["https:\/\/curva1.com.ar\/wp-content\/uploads\/2013\/06\/Ortelli-fda61.png",500,281,false]},"author_info":{"display_name":"Jos\u00e9 Bravo","author_link":"https:\/\/curva1.com.ar\/?author=1"},"category_info":"<a href=\"https:\/\/curva1.com.ar\/?cat=6\" rel=\"category\">Nacionales<\/a>","tag_info":"Nacionales","comment_count":"0","_links":{"self":[{"href":"https:\/\/curva1.com.ar\/index.php?rest_route=\/wp\/v2\/posts\/6975","targetHints":{"allow":["GET"]}}],"collection":[{"href":"https:\/\/curva1.com.ar\/index.php?rest_route=\/wp\/v2\/posts"}],"about":[{"href":"https:\/\/curva1.com.ar\/index.php?rest_route=\/wp\/v2\/types\/post"}],"author":[{"embeddable":true,"href":"https:\/\/curva1.com.ar\/index.php?rest_route=\/wp\/v2\/users\/1"}],"replies":[{"embeddable":true,"href":"https:\/\/curva1.com.ar\/index.php?rest_route=%2Fwp%2Fv2%2Fcomments&post=6975"}],"version-history":[{"count":4,"href":"https:\/\/curva1.com.ar\/index.php?rest_route=\/wp\/v2\/posts\/6975\/revisions"}],"predecessor-version":[{"id":6978,"href":"https:\/\/curva1.com.ar\/index.php?rest_route=\/wp\/v2\/posts\/6975\/revisions\/6978"}],"wp:featuredmedia":[{"embeddable":true,"href":"https:\/\/curva1.com.ar\/index.php?rest_route=\/wp\/v2\/media\/6979"}],"wp:attachment":[{"href":"https:\/\/curva1.com.ar\/index.php?rest_route=%2Fwp%2Fv2%2Fmedia&parent=6975"}],"wp:term":[{"taxonomy":"category","embeddable":true,"href":"https:\/\/curva1.com.ar\/index.php?rest_route=%2Fwp%2Fv2%2Fcategories&post=6975"},{"taxonomy":"post_tag","embeddable":true,"href":"https:\/\/curva1.com.ar\/index.php?rest_route=%2Fwp%2Fv2%2Ftags&post=6975"}],"curies":[{"name":"wp","href":"https:\/\/api.w.org\/{rel}","templated":true}]}}