{"id":6982,"date":"2013-06-20T15:12:24","date_gmt":"2013-06-20T18:12:24","guid":{"rendered":"http:\/\/www.curva1.com.ar\/?p=6982"},"modified":"2013-06-21T12:12:51","modified_gmt":"2013-06-21T15:12:51","slug":"murio-el-motociclista-nicolas-rojas-en-la-cuarta-etapa-del-desafio-ruta-40","status":"publish","type":"post","link":"https:\/\/curva1.com.ar\/?p=6982","title":{"rendered":"Muri\u00f3 el motociclista Nicol\u00e1s Rojas en una etapa del Desaf\u00edo Ruta 40"},"content":{"rendered":"<p><img loading=\"lazy\" decoding=\"async\" class=\"aligncenter size-full wp-image-6983\" alt=\"51c31da72d9e4_626x0\" src=\"http:\/\/www.curva1.com.ar\/wp-content\/uploads\/2013\/06\/51c31da72d9e4_626x0.jpg\" width=\"500\" height=\"281\" srcset=\"https:\/\/curva1.com.ar\/wp-content\/uploads\/2013\/06\/51c31da72d9e4_626x0.jpg 500w, https:\/\/curva1.com.ar\/wp-content\/uploads\/2013\/06\/51c31da72d9e4_626x0-300x169.jpg 300w\" sizes=\"auto, (max-width: 500px) 100vw, 500px\" \/><\/p>\n<p>El motociclista Nicol\u00e1s Rojas falleci\u00f3 durante la cuarta etapa del DR40 tras protagonizar un fuerte accidente.<\/p>\n<p>La edici\u00f3n 2013 del Desaf\u00edo Ruta 40, competencia del Dakar Series y con puntos para el Mundial de Cross Country de la FIM, cobr\u00f3 una vida, la del motociclista Nicol\u00e1s Rojas, quien sufri\u00f3 un accidente durante la disputa de la cuarta etapa.<\/p>\n<p>La organizaci\u00f3n de la competencia inform\u00f3 que Rojas sufri\u00f3 un fuerte impacto producto de una salida de pista a la altura del kil\u00f3metro 1,5 de la cuarta secci\u00f3n selectiva.<\/p>\n<p>Tras recibir el alerta correspondiente, el equipo m\u00e9dico de rescate se hizo presente en el lugar r\u00e1pidamente y constat\u00f3 que el impacto le caus\u00f3 politraumatismos varios, heridas que provocaron el deceso del piloto argentino de manera inmediata.<\/p>\n<p>Rojas, platense y de 34 a\u00f1os, compet\u00eda al mando de una Yamaha WRJVO 450 del equipo Off Road Uruguay del tambi\u00e9n piloto Laurent Lazzard y marchaba 20\u00ba en la clasificaci\u00f3n general de motos.<\/p>\n<p>Corsa.<\/p>\n","protected":false},"excerpt":{"rendered":"<p>El motociclista Nicol\u00e1s Rojas falleci\u00f3 durante la cuarta etapa del DR40 tras protagonizar un fuerte<\/p>\n","protected":false},"author":1,"featured_media":6983,"comment_status":"open","ping_status":"closed","sticky":false,"template":"","format":"standard","meta":{"footnotes":""},"categories":[6],"tags":[],"class_list":["post-6982","post","type-post","status-publish","format-standard","has-post-thumbnail","hentry","category-nacionales"],"featured_image_urls":{"full":["https:\/\/curva1.com.ar\/wp-content\/uploads\/2013\/06\/51c31da72d9e4_626x0.jpg",500,281,false],"thumbnail":["https:\/\/curva1.com.ar\/wp-content\/uploads\/2013\/06\/51c31da72d9e4_626x0-300x169.jpg",300,169,true],"medium":["https:\/\/curva1.com.ar\/wp-content\/uploads\/2013\/06\/51c31da72d9e4_626x0.jpg",500,281,false],"medium_large":["https:\/\/curva1.com.ar\/wp-content\/uploads\/2013\/06\/51c31da72d9e4_626x0.jpg",500,281,false],"large":["https:\/\/curva1.com.ar\/wp-content\/uploads\/2013\/06\/51c31da72d9e4_626x0.jpg",500,281,false],"1536x1536":["https:\/\/curva1.com.ar\/wp-content\/uploads\/2013\/06\/51c31da72d9e4_626x0.jpg",500,281,false],"2048x2048":["https:\/\/curva1.com.ar\/wp-content\/uploads\/2013\/06\/51c31da72d9e4_626x0.jpg",500,281,false],"chromenews-featured":["https:\/\/curva1.com.ar\/wp-content\/uploads\/2013\/06\/51c31da72d9e4_626x0.jpg",500,281,false],"chromenews-large":["https:\/\/curva1.com.ar\/wp-content\/uploads\/2013\/06\/51c31da72d9e4_626x0.jpg",500,281,false],"chromenews-medium":["https:\/\/curva1.com.ar\/wp-content\/uploads\/2013\/06\/51c31da72d9e4_626x0.jpg",500,281,false]},"author_info":{"display_name":"Jos\u00e9 Bravo","author_link":"https:\/\/curva1.com.ar\/?author=1"},"category_info":"<a href=\"https:\/\/curva1.com.ar\/?cat=6\" rel=\"category\">Nacionales<\/a>","tag_info":"Nacionales","comment_count":"0","_links":{"self":[{"href":"https:\/\/curva1.com.ar\/index.php?rest_route=\/wp\/v2\/posts\/6982","targetHints":{"allow":["GET"]}}],"collection":[{"href":"https:\/\/curva1.com.ar\/index.php?rest_route=\/wp\/v2\/posts"}],"about":[{"href":"https:\/\/curva1.com.ar\/index.php?rest_route=\/wp\/v2\/types\/post"}],"author":[{"embeddable":true,"href":"https:\/\/curva1.com.ar\/index.php?rest_route=\/wp\/v2\/users\/1"}],"replies":[{"embeddable":true,"href":"https:\/\/curva1.com.ar\/index.php?rest_route=%2Fwp%2Fv2%2Fcomments&post=6982"}],"version-history":[{"count":3,"href":"https:\/\/curva1.com.ar\/index.php?rest_route=\/wp\/v2\/posts\/6982\/revisions"}],"predecessor-version":[{"id":6985,"href":"https:\/\/curva1.com.ar\/index.php?rest_route=\/wp\/v2\/posts\/6982\/revisions\/6985"}],"wp:featuredmedia":[{"embeddable":true,"href":"https:\/\/curva1.com.ar\/index.php?rest_route=\/wp\/v2\/media\/6983"}],"wp:attachment":[{"href":"https:\/\/curva1.com.ar\/index.php?rest_route=%2Fwp%2Fv2%2Fmedia&parent=6982"}],"wp:term":[{"taxonomy":"category","embeddable":true,"href":"https:\/\/curva1.com.ar\/index.php?rest_route=%2Fwp%2Fv2%2Fcategories&post=6982"},{"taxonomy":"post_tag","embeddable":true,"href":"https:\/\/curva1.com.ar\/index.php?rest_route=%2Fwp%2Fv2%2Ftags&post=6982"}],"curies":[{"name":"wp","href":"https:\/\/api.w.org\/{rel}","templated":true}]}}