{"id":6986,"date":"2013-06-20T15:59:59","date_gmt":"2013-06-20T18:59:59","guid":{"rendered":"http:\/\/www.curva1.com.ar\/?p=6986"},"modified":"2013-06-21T12:13:30","modified_gmt":"2013-06-21T15:13:30","slug":"caceres-entreno-en-rosario-y-afrontara-una-nueva-fecha-del-tc2000","status":"publish","type":"post","link":"https:\/\/curva1.com.ar\/?p=6986","title":{"rendered":"C\u00e1ceres entren\u00f3 en Rosario y corre este fin de semana en TC2000"},"content":{"rendered":"<p><img loading=\"lazy\" decoding=\"async\" class=\"aligncenter size-full wp-image-6987\" alt=\"DSC_4665\" src=\"http:\/\/www.curva1.com.ar\/wp-content\/uploads\/2013\/06\/DSC_4665.jpg\" width=\"500\" height=\"281\" srcset=\"https:\/\/curva1.com.ar\/wp-content\/uploads\/2013\/06\/DSC_4665.jpg 500w, https:\/\/curva1.com.ar\/wp-content\/uploads\/2013\/06\/DSC_4665-300x169.jpg 300w\" sizes=\"auto, (max-width: 500px) 100vw, 500px\" \/><\/p>\n<p>En la presente jornada, Emmanuel C\u00e1ceres realiz\u00f3 un exhaustivo ensayo en el aut\u00f3dromo \u201cJuan Manuel Fangio\u201d de Rosario. El Peugeot 307 que compite en TC2000 demostr\u00f3 una buena performance y un salto cualitativo en su funcionamiento.<\/p>\n<p>Desde la ma\u00f1ana la escuadra Litoral Group puso en pista la unidad que conduce el piloto mendocino. Esa primera salida a pista se realiz\u00f3 sin grandes novedades y con mucha cautela, ya que la lluvia ca\u00edda en la jornada de ayer dej\u00f3 charcos de agua sobre la cinta asf\u00e1ltica.<\/p>\n<p>Con el correr de las horas se hizo hincapi\u00e9 en lograr un equilibrio justo en el Peugeot, el cual mostr\u00f3 hasta hoy, cierta inestabilidad que preocup\u00f3 tanto al piloto como a Gabriel Bonav\u00eda (m\u00e1ximo responsable del team rosarino).<\/p>\n<p>La subvirancia que presentaba la unidad fue solucionada y a partir de all\u00ed se puso manos a la obra en la puesta a punto inicial para la pr\u00f3xima fecha de TC2000 a disputarse el fin de semana del 30 de Junio en el \u201cAut\u00f3dromo Ciudad de Concordia\u201d.<\/p>\n<p>Emmanuel destaca el trabajo de hoy pensando en las similitudes entre ambos circuitos:<\/p>\n<p>\u201cCuando logramos que el auto estuviese equilibrado y no tenga m\u00e1s ida de Trompa, comenzamos a pensar en Concordia. Ese aut\u00f3dromo tiene curvas de distintas velocidades, lo mismo que ac\u00e1 en Rosario. Trabajamos en las velocidades de curva y que el auto traccionara bien, sin perder la trompa o la cola al momento de frenar y a la salida tambi\u00e9n.<\/p>\n<p>Con el equipo quedamos muy contentos con esta prueba, ahora estamos m\u00e1s tranquilos y vamos a Concordia con mejores expectativas\u201d.<\/p>\n<p>Culminada la prueba, el team rosarino trabajar\u00e1 en algunos detalles de puesta a punto final con miras al sexto compromiso anual de TC2000.<\/p>\n","protected":false},"excerpt":{"rendered":"<p>En la presente jornada, Emmanuel C\u00e1ceres realiz\u00f3 un exhaustivo ensayo en el aut\u00f3dromo \u201cJuan Manuel<\/p>\n","protected":false},"author":1,"featured_media":6987,"comment_status":"open","ping_status":"closed","sticky":false,"template":"","format":"standard","meta":{"footnotes":""},"categories":[6],"tags":[],"class_list":["post-6986","post","type-post","status-publish","format-standard","has-post-thumbnail","hentry","category-nacionales"],"featured_image_urls":{"full":["https:\/\/curva1.com.ar\/wp-content\/uploads\/2013\/06\/DSC_4665.jpg",500,281,false],"thumbnail":["https:\/\/curva1.com.ar\/wp-content\/uploads\/2013\/06\/DSC_4665-300x169.jpg",300,169,true],"medium":["https:\/\/curva1.com.ar\/wp-content\/uploads\/2013\/06\/DSC_4665.jpg",500,281,false],"medium_large":["https:\/\/curva1.com.ar\/wp-content\/uploads\/2013\/06\/DSC_4665.jpg",500,281,false],"large":["https:\/\/curva1.com.ar\/wp-content\/uploads\/2013\/06\/DSC_4665.jpg",500,281,false],"1536x1536":["https:\/\/curva1.com.ar\/wp-content\/uploads\/2013\/06\/DSC_4665.jpg",500,281,false],"2048x2048":["https:\/\/curva1.com.ar\/wp-content\/uploads\/2013\/06\/DSC_4665.jpg",500,281,false],"chromenews-featured":["https:\/\/curva1.com.ar\/wp-content\/uploads\/2013\/06\/DSC_4665.jpg",500,281,false],"chromenews-large":["https:\/\/curva1.com.ar\/wp-content\/uploads\/2013\/06\/DSC_4665.jpg",500,281,false],"chromenews-medium":["https:\/\/curva1.com.ar\/wp-content\/uploads\/2013\/06\/DSC_4665.jpg",500,281,false]},"author_info":{"display_name":"Jos\u00e9 Bravo","author_link":"https:\/\/curva1.com.ar\/?author=1"},"category_info":"<a href=\"https:\/\/curva1.com.ar\/?cat=6\" rel=\"category\">Nacionales<\/a>","tag_info":"Nacionales","comment_count":"0","_links":{"self":[{"href":"https:\/\/curva1.com.ar\/index.php?rest_route=\/wp\/v2\/posts\/6986","targetHints":{"allow":["GET"]}}],"collection":[{"href":"https:\/\/curva1.com.ar\/index.php?rest_route=\/wp\/v2\/posts"}],"about":[{"href":"https:\/\/curva1.com.ar\/index.php?rest_route=\/wp\/v2\/types\/post"}],"author":[{"embeddable":true,"href":"https:\/\/curva1.com.ar\/index.php?rest_route=\/wp\/v2\/users\/1"}],"replies":[{"embeddable":true,"href":"https:\/\/curva1.com.ar\/index.php?rest_route=%2Fwp%2Fv2%2Fcomments&post=6986"}],"version-history":[{"count":3,"href":"https:\/\/curva1.com.ar\/index.php?rest_route=\/wp\/v2\/posts\/6986\/revisions"}],"predecessor-version":[{"id":6989,"href":"https:\/\/curva1.com.ar\/index.php?rest_route=\/wp\/v2\/posts\/6986\/revisions\/6989"}],"wp:featuredmedia":[{"embeddable":true,"href":"https:\/\/curva1.com.ar\/index.php?rest_route=\/wp\/v2\/media\/6987"}],"wp:attachment":[{"href":"https:\/\/curva1.com.ar\/index.php?rest_route=%2Fwp%2Fv2%2Fmedia&parent=6986"}],"wp:term":[{"taxonomy":"category","embeddable":true,"href":"https:\/\/curva1.com.ar\/index.php?rest_route=%2Fwp%2Fv2%2Fcategories&post=6986"},{"taxonomy":"post_tag","embeddable":true,"href":"https:\/\/curva1.com.ar\/index.php?rest_route=%2Fwp%2Fv2%2Ftags&post=6986"}],"curies":[{"name":"wp","href":"https:\/\/api.w.org\/{rel}","templated":true}]}}