{"id":7033,"date":"2013-06-24T09:19:34","date_gmt":"2013-06-24T12:19:34","guid":{"rendered":"http:\/\/www.curva1.com.ar\/?p=7033"},"modified":"2013-06-24T10:37:57","modified_gmt":"2013-06-24T13:37:57","slug":"resumen-de-la-5o-fecha-de-tradicionales-en-general-alvear","status":"publish","type":"post","link":"https:\/\/curva1.com.ar\/?p=7033","title":{"rendered":"Resumen de la 5\u00ba fecha de Tradicionales en General Alvear"},"content":{"rendered":"<p><img loading=\"lazy\" decoding=\"async\" class=\"aligncenter size-full wp-image-7045\" alt=\"1011708_148484842010486_1346804311_n\" src=\"http:\/\/www.curva1.com.ar\/wp-content\/uploads\/2013\/06\/1011708_148484842010486_1346804311_n.jpg\" width=\"500\" height=\"281\" srcset=\"https:\/\/curva1.com.ar\/wp-content\/uploads\/2013\/06\/1011708_148484842010486_1346804311_n.jpg 500w, https:\/\/curva1.com.ar\/wp-content\/uploads\/2013\/06\/1011708_148484842010486_1346804311_n-300x169.jpg 300w\" sizes=\"auto, (max-width: 500px) 100vw, 500px\" \/><\/p>\n<p>Ayer domingo se llev\u00f3 a cabo la 5\u00ba fecha del automovilismo de tierra de Mendoza, que tuvo como sede el aut\u00f3dromo V\u00edctor Garc\u00eda de General Alvear. La organizaci\u00f3n estuvo a cargo de la Asociaci\u00f3n Sport 4 Sure\u00f1o.<\/p>\n<p>En total hubo un parque de 61 pilotos, el m\u00e1s bajo de la temporada, que promete recuperarse para la pr\u00f3xima cita.<\/p>\n<p style=\"padding-left: 30px;\">Ver todas las estad\u00edsticas de carreras <a href=\"http:\/\/femadmza.com.ar\/2013\/TUltima\/Tradicional05.htm\" target=\"_blank\"><strong>ACA<\/strong><\/a><\/p>\n<h2><span style=\"color: #ff0000;\">&gt;&gt;&gt; 850 GRUPO 1<\/span><\/h2>\n<h2><img loading=\"lazy\" decoding=\"async\" class=\"aligncenter size-full wp-image-7036\" alt=\"TRA05-850\" src=\"http:\/\/www.curva1.com.ar\/wp-content\/uploads\/2013\/06\/TRA05-850.jpg\" width=\"500\" height=\"350\" srcset=\"https:\/\/curva1.com.ar\/wp-content\/uploads\/2013\/06\/TRA05-850.jpg 500w, https:\/\/curva1.com.ar\/wp-content\/uploads\/2013\/06\/TRA05-850-481x337.jpg 481w\" sizes=\"auto, (max-width: 500px) 100vw, 500px\" \/><\/h2>\n<p>Dos pilotos de Guaymall\u00e9n y uno de Maip\u00fa fueron los integrantes del podio en la carrera disputada en Alvear. Mart\u00edn Barcel\u00f3 fue el triunfador, seguido por Javier Mesas (Rodeo del Medio) y Alfredo Buttini.<\/p>\n<p><img loading=\"lazy\" decoding=\"async\" class=\"aligncenter size-full wp-image-7037\" alt=\"850 ats\" src=\"http:\/\/www.curva1.com.ar\/wp-content\/uploads\/2013\/06\/850-ats1.jpg\" width=\"500\" height=\"302\" \/><\/p>\n<h2><span style=\"color: #ff0000;\">&gt;&gt;&gt; FORMULA 1100<\/span><\/h2>\n<p><img loading=\"lazy\" decoding=\"async\" class=\"aligncenter size-full wp-image-7044\" alt=\"TRA05-FOR\" src=\"http:\/\/www.curva1.com.ar\/wp-content\/uploads\/2013\/06\/TRA05-FOR.jpg\" width=\"456\" height=\"368\" srcset=\"https:\/\/curva1.com.ar\/wp-content\/uploads\/2013\/06\/TRA05-FOR.jpg 456w, https:\/\/curva1.com.ar\/wp-content\/uploads\/2013\/06\/TRA05-FOR-417x337.jpg 417w\" sizes=\"auto, (max-width: 456px) 100vw, 456px\" \/><\/p>\n<p>El sanrafaelino Humberto Camiletti se qued\u00f3 con la victoria, seguido por William S\u00e1nchez que contin\u00faa como puntero del certamen. El sanmartiniano Sebasti\u00e1n Baris\u00f3n complet\u00f3 el podio.<\/p>\n<h2><img loading=\"lazy\" decoding=\"async\" class=\"aligncenter size-full wp-image-7043\" alt=\"1100  ats\" src=\"http:\/\/www.curva1.com.ar\/wp-content\/uploads\/2013\/06\/1100-ats.jpg\" width=\"500\" height=\"353\" srcset=\"https:\/\/curva1.com.ar\/wp-content\/uploads\/2013\/06\/1100-ats.jpg 500w, https:\/\/curva1.com.ar\/wp-content\/uploads\/2013\/06\/1100-ats-477x337.jpg 477w\" sizes=\"auto, (max-width: 500px) 100vw, 500px\" \/><\/h2>\n<h2><span style=\"color: #ff0000;\">&gt;&gt;&gt; TC JUNIOR<\/span><\/h2>\n<h2><img loading=\"lazy\" decoding=\"async\" class=\"aligncenter size-full wp-image-7041\" alt=\"TRA05-TJT\" src=\"http:\/\/www.curva1.com.ar\/wp-content\/uploads\/2013\/06\/TRA05-TJT.jpg\" width=\"471\" height=\"368\" srcset=\"https:\/\/curva1.com.ar\/wp-content\/uploads\/2013\/06\/TRA05-TJT.jpg 471w, https:\/\/curva1.com.ar\/wp-content\/uploads\/2013\/06\/TRA05-TJT-431x337.jpg 431w\" sizes=\"auto, (max-width: 471px) 100vw, 471px\" \/><\/h2>\n<p>El maipucino Sebasti\u00e1n Fusari gan\u00f3 en tierras sure\u00f1as, escoltado por Pedro Cobarrubia y Nazareno Alosi, que regres\u00f3 luego de una fecha de ausencia. Luego llegaron Cuesta, Becerra y Alejandro Concatti.<\/p>\n<p><img loading=\"lazy\" decoding=\"async\" class=\"aligncenter size-full wp-image-7042\" alt=\"juniro ats\" src=\"http:\/\/www.curva1.com.ar\/wp-content\/uploads\/2013\/06\/juniro-ats.jpg\" width=\"500\" height=\"207\" \/><\/p>\n<h2><span style=\"color: #ff0000;\">&gt;&gt;&gt; SPORT 4<\/span><\/h2>\n<p><img loading=\"lazy\" decoding=\"async\" class=\"aligncenter size-full wp-image-7039\" alt=\"TRA05-SP4\" src=\"http:\/\/www.curva1.com.ar\/wp-content\/uploads\/2013\/06\/TRA05-SP4.jpg\" width=\"488\" height=\"368\" srcset=\"https:\/\/curva1.com.ar\/wp-content\/uploads\/2013\/06\/TRA05-SP4.jpg 488w, https:\/\/curva1.com.ar\/wp-content\/uploads\/2013\/06\/TRA05-SP4-446x337.jpg 446w, https:\/\/curva1.com.ar\/wp-content\/uploads\/2013\/06\/TRA05-SP4-200x150.jpg 200w\" sizes=\"auto, (max-width: 488px) 100vw, 488px\" \/><\/p>\n<p>Santiago Rodr\u00edguez, de San Mart\u00edn, cant\u00f3 victoria ante los alvearenses Alejandro Daniele y Horacio Alvarez, que oficiaron de local en el circuito V\u00edctor Garc\u00eda. Popa Catai y Rodrigo Alonso llegaron despu\u00e9s en un Sport 4 que cont\u00f3 con un buen parque en una plaza tradicional para la categor\u00eda.<\/p>\n<h2><img loading=\"lazy\" decoding=\"async\" class=\"aligncenter size-full wp-image-7038\" alt=\"sport 4ats\" src=\"http:\/\/www.curva1.com.ar\/wp-content\/uploads\/2013\/06\/sport-4ats.jpg\" width=\"500\" height=\"273\" \/><\/h2>\n<h2><span style=\"color: #ff0000;\">&gt;&gt;&gt; TC TRADICIONAL<\/span><\/h2>\n<p><img loading=\"lazy\" decoding=\"async\" class=\"aligncenter size-full wp-image-7035\" alt=\"TRA05-TCT\" src=\"http:\/\/www.curva1.com.ar\/wp-content\/uploads\/2013\/06\/TRA05-TCT.jpg\" width=\"500\" height=\"333\" \/><\/p>\n<p>El Turismo Carretera Tradicional mejor\u00f3 su parque respecto a la anterior carrera de San Carlos y present\u00f3 ocho m\u00e1quinas en pista.<\/p>\n<p>Carlos Cobarrubias fue el ganador, seguido por Fabi\u00e1n Cayla y Pablo Catana.<\/p>\n<p><img loading=\"lazy\" decoding=\"async\" class=\"aligncenter size-full wp-image-7034\" alt=\"tc ats\" src=\"http:\/\/www.curva1.com.ar\/wp-content\/uploads\/2013\/06\/tc-ats1.jpg\" width=\"500\" height=\"214\" \/><\/p>\n<p>Fotos Femad.<\/p>\n","protected":false},"excerpt":{"rendered":"<p>Ayer domingo se llev\u00f3 a cabo la 5\u00ba fecha del automovilismo de tierra de Mendoza,<\/p>\n","protected":false},"author":1,"featured_media":7045,"comment_status":"open","ping_status":"closed","sticky":false,"template":"","format":"standard","meta":{"footnotes":""},"categories":[3],"tags":[],"class_list":["post-7033","post","type-post","status-publish","format-standard","has-post-thumbnail","hentry","category-tradicionales"],"featured_image_urls":{"full":["https:\/\/curva1.com.ar\/wp-content\/uploads\/2013\/06\/1011708_148484842010486_1346804311_n.jpg",500,281,false],"thumbnail":["https:\/\/curva1.com.ar\/wp-content\/uploads\/2013\/06\/1011708_148484842010486_1346804311_n-300x169.jpg",300,169,true],"medium":["https:\/\/curva1.com.ar\/wp-content\/uploads\/2013\/06\/1011708_148484842010486_1346804311_n.jpg",500,281,false],"medium_large":["https:\/\/curva1.com.ar\/wp-content\/uploads\/2013\/06\/1011708_148484842010486_1346804311_n.jpg",500,281,false],"large":["https:\/\/curva1.com.ar\/wp-content\/uploads\/2013\/06\/1011708_148484842010486_1346804311_n.jpg",500,281,false],"1536x1536":["https:\/\/curva1.com.ar\/wp-content\/uploads\/2013\/06\/1011708_148484842010486_1346804311_n.jpg",500,281,false],"2048x2048":["https:\/\/curva1.com.ar\/wp-content\/uploads\/2013\/06\/1011708_148484842010486_1346804311_n.jpg",500,281,false],"chromenews-featured":["https:\/\/curva1.com.ar\/wp-content\/uploads\/2013\/06\/1011708_148484842010486_1346804311_n.jpg",500,281,false],"chromenews-large":["https:\/\/curva1.com.ar\/wp-content\/uploads\/2013\/06\/1011708_148484842010486_1346804311_n.jpg",500,281,false],"chromenews-medium":["https:\/\/curva1.com.ar\/wp-content\/uploads\/2013\/06\/1011708_148484842010486_1346804311_n.jpg",500,281,false]},"author_info":{"display_name":"Jos\u00e9 Bravo","author_link":"https:\/\/curva1.com.ar\/?author=1"},"category_info":"<a href=\"https:\/\/curva1.com.ar\/?cat=3\" rel=\"category\">Tradicionales<\/a>","tag_info":"Tradicionales","comment_count":"0","_links":{"self":[{"href":"https:\/\/curva1.com.ar\/index.php?rest_route=\/wp\/v2\/posts\/7033","targetHints":{"allow":["GET"]}}],"collection":[{"href":"https:\/\/curva1.com.ar\/index.php?rest_route=\/wp\/v2\/posts"}],"about":[{"href":"https:\/\/curva1.com.ar\/index.php?rest_route=\/wp\/v2\/types\/post"}],"author":[{"embeddable":true,"href":"https:\/\/curva1.com.ar\/index.php?rest_route=\/wp\/v2\/users\/1"}],"replies":[{"embeddable":true,"href":"https:\/\/curva1.com.ar\/index.php?rest_route=%2Fwp%2Fv2%2Fcomments&post=7033"}],"version-history":[{"count":4,"href":"https:\/\/curva1.com.ar\/index.php?rest_route=\/wp\/v2\/posts\/7033\/revisions"}],"predecessor-version":[{"id":7068,"href":"https:\/\/curva1.com.ar\/index.php?rest_route=\/wp\/v2\/posts\/7033\/revisions\/7068"}],"wp:featuredmedia":[{"embeddable":true,"href":"https:\/\/curva1.com.ar\/index.php?rest_route=\/wp\/v2\/media\/7045"}],"wp:attachment":[{"href":"https:\/\/curva1.com.ar\/index.php?rest_route=%2Fwp%2Fv2%2Fmedia&parent=7033"}],"wp:term":[{"taxonomy":"category","embeddable":true,"href":"https:\/\/curva1.com.ar\/index.php?rest_route=%2Fwp%2Fv2%2Fcategories&post=7033"},{"taxonomy":"post_tag","embeddable":true,"href":"https:\/\/curva1.com.ar\/index.php?rest_route=%2Fwp%2Fv2%2Ftags&post=7033"}],"curies":[{"name":"wp","href":"https:\/\/api.w.org\/{rel}","templated":true}]}}