{"id":7069,"date":"2013-06-24T09:44:29","date_gmt":"2013-06-24T12:44:29","guid":{"rendered":"http:\/\/www.curva1.com.ar\/?p=7069"},"modified":"2013-06-24T09:44:29","modified_gmt":"2013-06-24T12:44:29","slug":"feliz-dia-a-todos-los-pilotos","status":"publish","type":"post","link":"https:\/\/curva1.com.ar\/?p=7069","title":{"rendered":"Fel\u00edz d\u00eda a todos los pilotos!!!"},"content":{"rendered":"<p><img loading=\"lazy\" decoding=\"async\" class=\"aligncenter size-full wp-image-7070\" alt=\"585802\" src=\"http:\/\/www.curva1.com.ar\/wp-content\/uploads\/2013\/06\/585802.jpg\" width=\"500\" height=\"282\" srcset=\"https:\/\/curva1.com.ar\/wp-content\/uploads\/2013\/06\/585802.jpg 500w, https:\/\/curva1.com.ar\/wp-content\/uploads\/2013\/06\/585802-300x169.jpg 300w\" sizes=\"auto, (max-width: 500px) 100vw, 500px\" \/><\/p>\n<p>Se celebra hoy el DIA DEL PILOTO en honor al natalicio de Juan Manuel Fangio, quien naci\u00f3 un\u00a024 de junio de 1911 en Balcarce, Buenos Aires.<\/p>\n<p>Fangio se consagr\u00f3 primero en el Turismo Carretera a principios de la d\u00e9cada del 40 y luego obtuvo cinco t\u00edtulos mundiales de F\u00f3rmula 1 cuando viaj\u00f3 para conquistar Europa.<\/p>\n<p>Por tal raz\u00f3n y en toda la Argentina hoy se celebra el D\u00eda del Piloto, en honor al &#8220;Chueco&#8221; Fangio, al Qu\u00edntuple, al hombre que trascendi\u00f3 las fronteras de la Argentina y del mundo y que fue admirado en los cinco continentes y que sigue siendo emblema y referente del automovilismo nacional, agigantando su leyenda entre las generaciones.<\/p>\n<p style=\"padding-left: 30px;\">ORIGEN. La Asociaci\u00f3n Corredores de Turismo Carretera \u2013ACTC-, juntamente con las autoridades del\u00a0Autom\u00f3vil Club Argentino \u2013ACA-, resolvieron en 2007 declarar al 24 de junio como \u201cD\u00eda Nacional del Piloto\u201d. No s\u00f3lo en reconocimiento un\u00e1nime y tributo permanente a Fangio en el d\u00eda de su natalicio, sino tambi\u00e9n para homenajear a todos los corredores de Argentina.<\/p>\n<p style=\"padding-left: 30px;\"><a href=\"http:\/\/es.wikipedia.org\/wiki\/Juan_Manuel_Fangio\" target=\"_blank\">Mira la biogr\u00e1fia de Juan Manuel Fangio<\/a><\/p>\n<p><img loading=\"lazy\" decoding=\"async\" class=\"aligncenter size-full wp-image-30531\" alt=\"Mercedes-Benz-W-196-R-Monoposto-2\" src=\"http:\/\/curva1kart.com.ar\/noticias\/wp-content\/uploads\/2013\/06\/Mercedes-Benz-W-196-R-Monoposto-2.jpg\" width=\"600\" height=\"360\" \/><\/p>\n","protected":false},"excerpt":{"rendered":"<p>Se celebra hoy el DIA DEL PILOTO en honor al natalicio de Juan Manuel Fangio,<\/p>\n","protected":false},"author":1,"featured_media":7070,"comment_status":"open","ping_status":"closed","sticky":false,"template":"","format":"standard","meta":{"footnotes":""},"categories":[11],"tags":[],"class_list":["post-7069","post","type-post","status-publish","format-standard","has-post-thumbnail","hentry","category-mas-noticias"],"featured_image_urls":{"full":["https:\/\/curva1.com.ar\/wp-content\/uploads\/2013\/06\/585802.jpg",500,282,false],"thumbnail":["https:\/\/curva1.com.ar\/wp-content\/uploads\/2013\/06\/585802-300x169.jpg",300,169,true],"medium":["https:\/\/curva1.com.ar\/wp-content\/uploads\/2013\/06\/585802.jpg",500,282,false],"medium_large":["https:\/\/curva1.com.ar\/wp-content\/uploads\/2013\/06\/585802.jpg",500,282,false],"large":["https:\/\/curva1.com.ar\/wp-content\/uploads\/2013\/06\/585802.jpg",500,282,false],"1536x1536":["https:\/\/curva1.com.ar\/wp-content\/uploads\/2013\/06\/585802.jpg",500,282,false],"2048x2048":["https:\/\/curva1.com.ar\/wp-content\/uploads\/2013\/06\/585802.jpg",500,282,false],"chromenews-featured":["https:\/\/curva1.com.ar\/wp-content\/uploads\/2013\/06\/585802.jpg",500,282,false],"chromenews-large":["https:\/\/curva1.com.ar\/wp-content\/uploads\/2013\/06\/585802.jpg",500,282,false],"chromenews-medium":["https:\/\/curva1.com.ar\/wp-content\/uploads\/2013\/06\/585802.jpg",500,282,false]},"author_info":{"display_name":"Jos\u00e9 Bravo","author_link":"https:\/\/curva1.com.ar\/?author=1"},"category_info":"<a href=\"https:\/\/curva1.com.ar\/?cat=11\" rel=\"category\">M\u00e1s Noticias<\/a>","tag_info":"M\u00e1s Noticias","comment_count":"0","_links":{"self":[{"href":"https:\/\/curva1.com.ar\/index.php?rest_route=\/wp\/v2\/posts\/7069","targetHints":{"allow":["GET"]}}],"collection":[{"href":"https:\/\/curva1.com.ar\/index.php?rest_route=\/wp\/v2\/posts"}],"about":[{"href":"https:\/\/curva1.com.ar\/index.php?rest_route=\/wp\/v2\/types\/post"}],"author":[{"embeddable":true,"href":"https:\/\/curva1.com.ar\/index.php?rest_route=\/wp\/v2\/users\/1"}],"replies":[{"embeddable":true,"href":"https:\/\/curva1.com.ar\/index.php?rest_route=%2Fwp%2Fv2%2Fcomments&post=7069"}],"version-history":[{"count":2,"href":"https:\/\/curva1.com.ar\/index.php?rest_route=\/wp\/v2\/posts\/7069\/revisions"}],"predecessor-version":[{"id":7072,"href":"https:\/\/curva1.com.ar\/index.php?rest_route=\/wp\/v2\/posts\/7069\/revisions\/7072"}],"wp:featuredmedia":[{"embeddable":true,"href":"https:\/\/curva1.com.ar\/index.php?rest_route=\/wp\/v2\/media\/7070"}],"wp:attachment":[{"href":"https:\/\/curva1.com.ar\/index.php?rest_route=%2Fwp%2Fv2%2Fmedia&parent=7069"}],"wp:term":[{"taxonomy":"category","embeddable":true,"href":"https:\/\/curva1.com.ar\/index.php?rest_route=%2Fwp%2Fv2%2Fcategories&post=7069"},{"taxonomy":"post_tag","embeddable":true,"href":"https:\/\/curva1.com.ar\/index.php?rest_route=%2Fwp%2Fv2%2Ftags&post=7069"}],"curies":[{"name":"wp","href":"https:\/\/api.w.org\/{rel}","templated":true}]}}