{"id":7091,"date":"2013-06-26T13:02:43","date_gmt":"2013-06-26T16:02:43","guid":{"rendered":"http:\/\/www.curva1.com.ar\/?p=7091"},"modified":"2013-06-26T13:02:43","modified_gmt":"2013-06-26T16:02:43","slug":"adrian-yacopini-confirmo-su-ingreso-al-x-raid-rally-team","status":"publish","type":"post","link":"https:\/\/curva1.com.ar\/?p=7091","title":{"rendered":"Adri\u00e1n Yacopini confirm\u00f3 su ingreso al X-Raid Rally Team"},"content":{"rendered":"<p><img loading=\"lazy\" decoding=\"async\" class=\"aligncenter size-full wp-image-7092\" alt=\"ChinoYacopini-wpcf_608x321\" src=\"http:\/\/www.curva1.com.ar\/wp-content\/uploads\/2013\/06\/ChinoYacopini-wpcf_608x321.jpg\" width=\"500\" height=\"281\" srcset=\"https:\/\/curva1.com.ar\/wp-content\/uploads\/2013\/06\/ChinoYacopini-wpcf_608x321.jpg 500w, https:\/\/curva1.com.ar\/wp-content\/uploads\/2013\/06\/ChinoYacopini-wpcf_608x321-300x169.jpg 300w\" sizes=\"auto, (max-width: 500px) 100vw, 500px\" \/><\/p>\n<p><b>Adri\u00e1n Yacopini confirm\u00f3 su ingreso al X-Raid Rally Team en Campeones por Rivadavia.<\/b><\/p>\n<p><a href=\"http:\/\/www.campeonesnet.com.ar\/Yacopini%20con%20la%20gente%20del%20X-Raid.\" target=\"_blank\">ESCUCHAR nota completa<\/a><\/p>\n<p>Desde que finaliz\u00f3 el\u00a0<strong>Desaf\u00edo Ruta 40 \u2013 Dakar Series<\/strong>\u00a0se corri\u00f3 un rumor acerca de la<strong>llegada de Adri\u00e1n \u201cChino\u201d Yacopini al X-raid Rally Team.\u00a0<\/strong><\/p>\n<p><strong>Hoy por la tarde en Campeones por Rivadavia AM630, el piloto mendocino confirm\u00f3 esta informaci\u00f3n.<\/strong><\/p>\n<p><em>\u201cEsa idea naci\u00f3 el a\u00f1o pasado. Ellos ten\u00edan que analizar si era piloto oficial o no. Me hicieron una buena propuesta y con la ayuda de mi sponsors voy a participar en este prestigioso equipo\u201d<\/em>, dijo el \u201cChino\u201d a Campeones.<\/p>\n<p>Se comentaba que Adri\u00e1n va a correr con la\u00a0<strong>BMW X3<\/strong>\u00a0que dej\u00f3 libre en este mismo equipo\u00a0<strong>Orlando Terranova<\/strong>.\u00a0<em>\u201cCreo que la camioneta es la misma, pero le han puesto un motor 0 Km\u201d<\/em>, dijo al respecto.<\/p>\n<p>Una vez cerrado su ingreso al equipo y confirmado el veh\u00edculo, Yacopini nos cont\u00f3 los siguientes pasos a seguir:\u00a0<em>\u201cVamos a ir a la Baja Espa\u00f1a, despu\u00e9s el Rally de Marruecos y adem\u00e1s un entrenamiento en un lugar propiedad del equipo tambi\u00e9n cerca de Marruecos\u201d<\/em>.<\/p>\n","protected":false},"excerpt":{"rendered":"<p>Adri\u00e1n Yacopini confirm\u00f3 su ingreso al X-Raid Rally Team en Campeones por Rivadavia. ESCUCHAR nota<\/p>\n","protected":false},"author":1,"featured_media":7092,"comment_status":"open","ping_status":"closed","sticky":false,"template":"","format":"standard","meta":{"footnotes":""},"categories":[6],"tags":[],"class_list":["post-7091","post","type-post","status-publish","format-standard","has-post-thumbnail","hentry","category-nacionales"],"featured_image_urls":{"full":["https:\/\/curva1.com.ar\/wp-content\/uploads\/2013\/06\/ChinoYacopini-wpcf_608x321.jpg",500,281,false],"thumbnail":["https:\/\/curva1.com.ar\/wp-content\/uploads\/2013\/06\/ChinoYacopini-wpcf_608x321-300x169.jpg",300,169,true],"medium":["https:\/\/curva1.com.ar\/wp-content\/uploads\/2013\/06\/ChinoYacopini-wpcf_608x321.jpg",500,281,false],"medium_large":["https:\/\/curva1.com.ar\/wp-content\/uploads\/2013\/06\/ChinoYacopini-wpcf_608x321.jpg",500,281,false],"large":["https:\/\/curva1.com.ar\/wp-content\/uploads\/2013\/06\/ChinoYacopini-wpcf_608x321.jpg",500,281,false],"1536x1536":["https:\/\/curva1.com.ar\/wp-content\/uploads\/2013\/06\/ChinoYacopini-wpcf_608x321.jpg",500,281,false],"2048x2048":["https:\/\/curva1.com.ar\/wp-content\/uploads\/2013\/06\/ChinoYacopini-wpcf_608x321.jpg",500,281,false],"chromenews-featured":["https:\/\/curva1.com.ar\/wp-content\/uploads\/2013\/06\/ChinoYacopini-wpcf_608x321.jpg",500,281,false],"chromenews-large":["https:\/\/curva1.com.ar\/wp-content\/uploads\/2013\/06\/ChinoYacopini-wpcf_608x321.jpg",500,281,false],"chromenews-medium":["https:\/\/curva1.com.ar\/wp-content\/uploads\/2013\/06\/ChinoYacopini-wpcf_608x321.jpg",500,281,false]},"author_info":{"display_name":"Jos\u00e9 Bravo","author_link":"https:\/\/curva1.com.ar\/?author=1"},"category_info":"<a href=\"https:\/\/curva1.com.ar\/?cat=6\" rel=\"category\">Nacionales<\/a>","tag_info":"Nacionales","comment_count":"0","_links":{"self":[{"href":"https:\/\/curva1.com.ar\/index.php?rest_route=\/wp\/v2\/posts\/7091","targetHints":{"allow":["GET"]}}],"collection":[{"href":"https:\/\/curva1.com.ar\/index.php?rest_route=\/wp\/v2\/posts"}],"about":[{"href":"https:\/\/curva1.com.ar\/index.php?rest_route=\/wp\/v2\/types\/post"}],"author":[{"embeddable":true,"href":"https:\/\/curva1.com.ar\/index.php?rest_route=\/wp\/v2\/users\/1"}],"replies":[{"embeddable":true,"href":"https:\/\/curva1.com.ar\/index.php?rest_route=%2Fwp%2Fv2%2Fcomments&post=7091"}],"version-history":[{"count":1,"href":"https:\/\/curva1.com.ar\/index.php?rest_route=\/wp\/v2\/posts\/7091\/revisions"}],"predecessor-version":[{"id":7093,"href":"https:\/\/curva1.com.ar\/index.php?rest_route=\/wp\/v2\/posts\/7091\/revisions\/7093"}],"wp:featuredmedia":[{"embeddable":true,"href":"https:\/\/curva1.com.ar\/index.php?rest_route=\/wp\/v2\/media\/7092"}],"wp:attachment":[{"href":"https:\/\/curva1.com.ar\/index.php?rest_route=%2Fwp%2Fv2%2Fmedia&parent=7091"}],"wp:term":[{"taxonomy":"category","embeddable":true,"href":"https:\/\/curva1.com.ar\/index.php?rest_route=%2Fwp%2Fv2%2Fcategories&post=7091"},{"taxonomy":"post_tag","embeddable":true,"href":"https:\/\/curva1.com.ar\/index.php?rest_route=%2Fwp%2Fv2%2Ftags&post=7091"}],"curies":[{"name":"wp","href":"https:\/\/api.w.org\/{rel}","templated":true}]}}