{"id":7129,"date":"2013-06-27T23:50:31","date_gmt":"2013-06-28T02:50:31","guid":{"rendered":"http:\/\/www.curva1.com.ar\/?p=7129"},"modified":"2013-06-28T01:11:02","modified_gmt":"2013-06-28T04:11:02","slug":"se-homologo-el-fiat-uno-como-auto-integrante-del-turismo-pista-1100","status":"publish","type":"post","link":"https:\/\/curva1.com.ar\/?p=7129","title":{"rendered":"Se homolog\u00f3 el Fiat Uno como auto integrante del TP 1100"},"content":{"rendered":"<p><img loading=\"lazy\" decoding=\"async\" class=\"aligncenter size-full wp-image-7130\" alt=\"IMG_fdf4193\" src=\"http:\/\/www.curva1.com.ar\/wp-content\/uploads\/2013\/06\/IMG_fdf4193.jpg\" width=\"500\" height=\"281\" srcset=\"https:\/\/curva1.com.ar\/wp-content\/uploads\/2013\/06\/IMG_fdf4193.jpg 500w, https:\/\/curva1.com.ar\/wp-content\/uploads\/2013\/06\/IMG_fdf4193-300x169.jpg 300w\" sizes=\"auto, (max-width: 500px) 100vw, 500px\" \/><\/p>\n<p>La FEDERACI\u00d3N MENDOCINA DE AUTOMOVILISMO DEPORTIVO, informa a los pilotos licenciados de la Categor\u00eda TURISMO PISTA 1100, que la Comisi\u00f3n Directiva<\/p>\n<p>de la Federaci\u00f3n Mendocina de Automovilismo Deportivo, \u00a0atendiendo a lo solicitado por el Delegado de la Categor\u00eda y refrendado por la mayor\u00eda de los pilotos de la Categor\u00eda, ha dispuesto modificar el reglamento t\u00e9cnico vigente versi\u00f3n\u00a0\u00a0 (1-2013), en los siguientes puntos, a saber:<\/p>\n<p>&nbsp;<\/p>\n<p><b><span style=\"text-decoration: underline;\">Art. 1 &#8211; VEH\u00cdCULOS HOMOLOGADOS<\/span><\/b><\/p>\n<p>Deber\u00e1 ser un autom\u00f3vil de serie de fabricaci\u00f3n nacional. Debiendo respetar las caracter\u00edsticas t\u00e9cnicas del modelo declarado y permitido en el siguiente reglamento:<\/p>\n<p>&nbsp;<\/p>\n<div align=\"center\">\n<table border=\"1\" cellspacing=\"0\" cellpadding=\"0\">\n<tbody>\n<tr>\n<td valign=\"top\" width=\"151\"><b><i>MODELO<\/i><\/b><\/td>\n<td valign=\"top\" width=\"142\">\n<p align=\"center\"><b><i>CILINDRADA<\/i><\/b><\/p>\n<\/td>\n<\/tr>\n<tr>\n<td valign=\"top\" width=\"151\">FIAT 128 E<\/td>\n<td valign=\"top\" width=\"142\">\n<p align=\"center\">1100cc \u2013 1400cc<\/p>\n<\/td>\n<\/tr>\n<tr>\n<td valign=\"top\" width=\"151\">FIAT 128 SE<\/td>\n<td valign=\"top\" width=\"142\">\n<p align=\"center\">1100cc \u2013 1400cc<\/p>\n<\/td>\n<\/tr>\n<tr>\n<td valign=\"top\" width=\"151\">FIAT 147<\/td>\n<td valign=\"top\" width=\"142\">\n<p align=\"center\">1100cc &#8211; 1400cc<\/p>\n<\/td>\n<\/tr>\n<tr>\n<td valign=\"top\" width=\"151\">FIAT UNO<\/td>\n<td valign=\"top\" width=\"142\">\n<p align=\"center\">1400cc<\/p>\n<\/td>\n<\/tr>\n<\/tbody>\n<\/table>\n<\/div>\n<p><b><span style=\"text-decoration: underline;\">\u00a0<\/span><\/b><\/p>\n<p><b><span style=\"text-decoration: underline;\">En lo referente al Reglamento T\u00e9cnico, los que deseen participar con la motorizaci\u00f3n 1400 cc. deber\u00e1n remitirse a lo enunciado en el Reglamento de la Categor\u00eda Promocional 1.4 cc, y los anexos t\u00e9cnicos oportunamente publicados.- <\/span><\/b><\/p>\n","protected":false},"excerpt":{"rendered":"<p>La FEDERACI\u00d3N MENDOCINA DE AUTOMOVILISMO DEPORTIVO, informa a los pilotos licenciados de la Categor\u00eda TURISMO<\/p>\n","protected":false},"author":1,"featured_media":7130,"comment_status":"open","ping_status":"closed","sticky":false,"template":"","format":"standard","meta":{"footnotes":""},"categories":[1],"tags":[],"class_list":["post-7129","post","type-post","status-publish","format-standard","has-post-thumbnail","hentry","category-zonal-cuyano"],"featured_image_urls":{"full":["https:\/\/curva1.com.ar\/wp-content\/uploads\/2013\/06\/IMG_fdf4193.jpg",500,281,false],"thumbnail":["https:\/\/curva1.com.ar\/wp-content\/uploads\/2013\/06\/IMG_fdf4193-300x169.jpg",300,169,true],"medium":["https:\/\/curva1.com.ar\/wp-content\/uploads\/2013\/06\/IMG_fdf4193.jpg",500,281,false],"medium_large":["https:\/\/curva1.com.ar\/wp-content\/uploads\/2013\/06\/IMG_fdf4193.jpg",500,281,false],"large":["https:\/\/curva1.com.ar\/wp-content\/uploads\/2013\/06\/IMG_fdf4193.jpg",500,281,false],"1536x1536":["https:\/\/curva1.com.ar\/wp-content\/uploads\/2013\/06\/IMG_fdf4193.jpg",500,281,false],"2048x2048":["https:\/\/curva1.com.ar\/wp-content\/uploads\/2013\/06\/IMG_fdf4193.jpg",500,281,false],"chromenews-featured":["https:\/\/curva1.com.ar\/wp-content\/uploads\/2013\/06\/IMG_fdf4193.jpg",500,281,false],"chromenews-large":["https:\/\/curva1.com.ar\/wp-content\/uploads\/2013\/06\/IMG_fdf4193.jpg",500,281,false],"chromenews-medium":["https:\/\/curva1.com.ar\/wp-content\/uploads\/2013\/06\/IMG_fdf4193.jpg",500,281,false]},"author_info":{"display_name":"Jos\u00e9 Bravo","author_link":"https:\/\/curva1.com.ar\/?author=1"},"category_info":"<a href=\"https:\/\/curva1.com.ar\/?cat=1\" rel=\"category\">Zonal Cuyano<\/a>","tag_info":"Zonal Cuyano","comment_count":"0","_links":{"self":[{"href":"https:\/\/curva1.com.ar\/index.php?rest_route=\/wp\/v2\/posts\/7129","targetHints":{"allow":["GET"]}}],"collection":[{"href":"https:\/\/curva1.com.ar\/index.php?rest_route=\/wp\/v2\/posts"}],"about":[{"href":"https:\/\/curva1.com.ar\/index.php?rest_route=\/wp\/v2\/types\/post"}],"author":[{"embeddable":true,"href":"https:\/\/curva1.com.ar\/index.php?rest_route=\/wp\/v2\/users\/1"}],"replies":[{"embeddable":true,"href":"https:\/\/curva1.com.ar\/index.php?rest_route=%2Fwp%2Fv2%2Fcomments&post=7129"}],"version-history":[{"count":3,"href":"https:\/\/curva1.com.ar\/index.php?rest_route=\/wp\/v2\/posts\/7129\/revisions"}],"predecessor-version":[{"id":7132,"href":"https:\/\/curva1.com.ar\/index.php?rest_route=\/wp\/v2\/posts\/7129\/revisions\/7132"}],"wp:featuredmedia":[{"embeddable":true,"href":"https:\/\/curva1.com.ar\/index.php?rest_route=\/wp\/v2\/media\/7130"}],"wp:attachment":[{"href":"https:\/\/curva1.com.ar\/index.php?rest_route=%2Fwp%2Fv2%2Fmedia&parent=7129"}],"wp:term":[{"taxonomy":"category","embeddable":true,"href":"https:\/\/curva1.com.ar\/index.php?rest_route=%2Fwp%2Fv2%2Fcategories&post=7129"},{"taxonomy":"post_tag","embeddable":true,"href":"https:\/\/curva1.com.ar\/index.php?rest_route=%2Fwp%2Fv2%2Ftags&post=7129"}],"curies":[{"name":"wp","href":"https:\/\/api.w.org\/{rel}","templated":true}]}}