{"id":7171,"date":"2013-07-02T22:05:50","date_gmt":"2013-07-03T01:05:50","guid":{"rendered":"http:\/\/www.curva1.com.ar\/?p=7171"},"modified":"2013-07-03T02:06:41","modified_gmt":"2013-07-03T05:06:41","slug":"tomy-martin-volvio-al-triunfo-en-la-promocional-del-karting-cuyano","status":"publish","type":"post","link":"https:\/\/curva1.com.ar\/?p=7171","title":{"rendered":"Tomy Mart\u00edn volvi\u00f3 al triunfo en la Promocional del Karting Cuyano"},"content":{"rendered":"<p><img loading=\"lazy\" decoding=\"async\" class=\"aligncenter size-full wp-image-7172\" alt=\"IMG_9384\" src=\"http:\/\/www.curva1.com.ar\/wp-content\/uploads\/2013\/07\/IMG_9384.jpg\" width=\"500\" height=\"281\" srcset=\"https:\/\/curva1.com.ar\/wp-content\/uploads\/2013\/07\/IMG_9384.jpg 800w, https:\/\/curva1.com.ar\/wp-content\/uploads\/2013\/07\/IMG_9384-300x169.jpg 300w, https:\/\/curva1.com.ar\/wp-content\/uploads\/2013\/07\/IMG_9384-600x337.jpg 600w\" sizes=\"auto, (max-width: 500px) 100vw, 500px\" \/><\/p>\n<p>El actual bicampe\u00f3n de la categor\u00ed\u00a0cerr\u00f3 una excelente tercera fecha del Campeonato Cuyano de Karting, luego de quedarse con dos victorias en el kart\u00f3dromo de San Mart\u00edn.<\/p>\n<p>Tom\u00e1s Martin comenz\u00f3 la jornada ocupando la primera fila de la pre final de la Promocional Iame 60, luego de lograr el segundo mejor tiempo clasificatorio ubic\u00e1ndose a tan solo 53 mil\u00e9simas del poleman, Gabriel Moyano.<\/p>\n<p>Lleg\u00f3 la hora de la verdad. El sem\u00e1foro rojo pas\u00f3 a verde y la primera competencia de la tarde lo tuvo como protagonista a Martin, que tom\u00f3 las riendas de la carrera, siempre seguido por su compa\u00f1ero en el equipo Birel Argentina, Nicol\u00e1s Palau. El sanmartiniano achic\u00f3 distancias y lo pudo superar en la curva uno, pero en la pr\u00f3xima curva Martin recuper\u00f3 el liderazgo. Pudo ganar la serie y se escoltado por Valentino Santero, que aprovech\u00f3 la lucha para relegar a Palau al tercer lugar. Gran alegr\u00eda para el equipo, ya que los tres primeros usaban chasis Birel.<\/p>\n<p>En la final, Martin pic\u00f3 en punta y junto con Palau hicieron una diferencia, mientras en la largada se retrasaban Juli\u00e1n M\u00f3dica y el riojano Nahuel Bustos, a causa de un roce. Varias vueltas pasaron y Palau no daba respiro a Martin. Nicol\u00e1s intent\u00f3 un nuevo sobrepaso en la curva uno, que sali\u00f3 con \u00e9xito, pero nuevamente en la curva siguiente Martin prevaleci\u00f3. De ah\u00ed en adelante Martin domin\u00f3 hasta la bandera a cuadros, pero no sin antes girar su cabeza varias veces para observar las distancia con Palau, que fue escolta.<\/p>\n<p>Buena victoria para prenderse otra vez en la lucha de su tercer corona consecutiva y comenzar a pensar en la\u00a0pr\u00f3xima fecha del certamen cuyano pactada para el mes de Julio.<\/p>\n<p><strong>RESUMEN PERSONAL<\/strong><\/p>\n<p><strong>Clasificaci\u00f3n:<\/strong>\u00a02\u00ba<\/p>\n<p><strong>Serie:<\/strong>\u00a01\u00ba TOMAS MARTIN, 2\u00ba Valentino Santero, 3\u00ba Nicol\u00e1s Palau<\/p>\n<p><strong>Final:<\/strong>\u00a01\u00ba TOMAS MARTIN, 2\u00ba Nicol\u00e1s Palau, 3\u00ba Gabriel Moyano<\/p>\n<p><strong>\u00a0Mira sus fotos en la web oficial:<\/strong><\/p>\n<h1><a href=\"http:\/\/tomymartin.com.ar\/?p=993\" target=\"_blank\">www.tomymartin.com.ar<\/a><\/h1>\n<p>&nbsp;<\/p>\n","protected":false},"excerpt":{"rendered":"<p>El actual bicampe\u00f3n de la categor\u00ed\u00a0cerr\u00f3 una excelente tercera fecha del Campeonato Cuyano de Karting,<\/p>\n","protected":false},"author":1,"featured_media":7172,"comment_status":"open","ping_status":"closed","sticky":false,"template":"","format":"standard","meta":{"footnotes":""},"categories":[4],"tags":[],"class_list":["post-7171","post","type-post","status-publish","format-standard","has-post-thumbnail","hentry","category-karting"],"featured_image_urls":{"full":["https:\/\/curva1.com.ar\/wp-content\/uploads\/2013\/07\/IMG_9384.jpg",800,450,false],"thumbnail":["https:\/\/curva1.com.ar\/wp-content\/uploads\/2013\/07\/IMG_9384-300x169.jpg",300,169,true],"medium":["https:\/\/curva1.com.ar\/wp-content\/uploads\/2013\/07\/IMG_9384-600x337.jpg",600,337,true],"medium_large":["https:\/\/curva1.com.ar\/wp-content\/uploads\/2013\/07\/IMG_9384.jpg",640,360,false],"large":["https:\/\/curva1.com.ar\/wp-content\/uploads\/2013\/07\/IMG_9384.jpg",640,360,false],"1536x1536":["https:\/\/curva1.com.ar\/wp-content\/uploads\/2013\/07\/IMG_9384.jpg",800,450,false],"2048x2048":["https:\/\/curva1.com.ar\/wp-content\/uploads\/2013\/07\/IMG_9384.jpg",800,450,false],"chromenews-featured":["https:\/\/curva1.com.ar\/wp-content\/uploads\/2013\/07\/IMG_9384.jpg",800,450,false],"chromenews-large":["https:\/\/curva1.com.ar\/wp-content\/uploads\/2013\/07\/IMG_9384.jpg",800,450,false],"chromenews-medium":["https:\/\/curva1.com.ar\/wp-content\/uploads\/2013\/07\/IMG_9384.jpg",590,332,false]},"author_info":{"display_name":"Jos\u00e9 Bravo","author_link":"https:\/\/curva1.com.ar\/?author=1"},"category_info":"<a href=\"https:\/\/curva1.com.ar\/?cat=4\" rel=\"category\">Karting Asfalto<\/a>","tag_info":"Karting Asfalto","comment_count":"0","_links":{"self":[{"href":"https:\/\/curva1.com.ar\/index.php?rest_route=\/wp\/v2\/posts\/7171","targetHints":{"allow":["GET"]}}],"collection":[{"href":"https:\/\/curva1.com.ar\/index.php?rest_route=\/wp\/v2\/posts"}],"about":[{"href":"https:\/\/curva1.com.ar\/index.php?rest_route=\/wp\/v2\/types\/post"}],"author":[{"embeddable":true,"href":"https:\/\/curva1.com.ar\/index.php?rest_route=\/wp\/v2\/users\/1"}],"replies":[{"embeddable":true,"href":"https:\/\/curva1.com.ar\/index.php?rest_route=%2Fwp%2Fv2%2Fcomments&post=7171"}],"version-history":[{"count":1,"href":"https:\/\/curva1.com.ar\/index.php?rest_route=\/wp\/v2\/posts\/7171\/revisions"}],"predecessor-version":[{"id":7210,"href":"https:\/\/curva1.com.ar\/index.php?rest_route=\/wp\/v2\/posts\/7171\/revisions\/7210"}],"wp:featuredmedia":[{"embeddable":true,"href":"https:\/\/curva1.com.ar\/index.php?rest_route=\/wp\/v2\/media\/7172"}],"wp:attachment":[{"href":"https:\/\/curva1.com.ar\/index.php?rest_route=%2Fwp%2Fv2%2Fmedia&parent=7171"}],"wp:term":[{"taxonomy":"category","embeddable":true,"href":"https:\/\/curva1.com.ar\/index.php?rest_route=%2Fwp%2Fv2%2Fcategories&post=7171"},{"taxonomy":"post_tag","embeddable":true,"href":"https:\/\/curva1.com.ar\/index.php?rest_route=%2Fwp%2Fv2%2Ftags&post=7171"}],"curies":[{"name":"wp","href":"https:\/\/api.w.org\/{rel}","templated":true}]}}