{"id":7173,"date":"2013-07-02T15:53:57","date_gmt":"2013-07-02T18:53:57","guid":{"rendered":"http:\/\/www.curva1.com.ar\/?p=7173"},"modified":"2013-07-03T01:01:25","modified_gmt":"2013-07-03T04:01:25","slug":"estrada-abandono-en-la-fr-plus-luego-de-un-multiple-choque-en-alta-gracia","status":"publish","type":"post","link":"https:\/\/curva1.com.ar\/?p=7173","title":{"rendered":"Estrada abandon\u00f3 en la FR Plus, luego de un m\u00faltiple choque en Alta Gracia"},"content":{"rendered":"<p><img loading=\"lazy\" decoding=\"async\" class=\"aligncenter size-full wp-image-7174\" alt=\"1044256_10201421838728778_1135071155_n\" src=\"http:\/\/www.curva1.com.ar\/wp-content\/uploads\/2013\/07\/1044256_10201421838728778_1135071155_n.jpg\" width=\"500\" height=\"281\" srcset=\"https:\/\/curva1.com.ar\/wp-content\/uploads\/2013\/07\/1044256_10201421838728778_1135071155_n.jpg 500w, https:\/\/curva1.com.ar\/wp-content\/uploads\/2013\/07\/1044256_10201421838728778_1135071155_n-300x169.jpg 300w\" sizes=\"auto, (max-width: 500px) 100vw, 500px\" \/><\/p>\n<p><i>El piloto mendocino (Croizet Racing) que participa de la Formula Renault Plus, se qued\u00f3 sin carrera tras sufrir un choque en cadena durante la largada de la competici\u00f3n en Alta Gracia.<\/i><\/p>\n<p>El accidente se ocasion\u00f3 ya que uno de los poleman no pudo avanzar e impidi\u00f3 a los de atr\u00e1s tener una largada exitosa. Estrada que hab\u00eda clasificado en el puesto n\u00famero 13, no logr\u00f3 esquivar a su par que se encontraba por delante y rompi\u00f3 su f\u00f3rmula. Por suerte, ninguno de los participantes de la competici\u00f3n que se disput\u00f3 en el Cabal\u00e9n sufri\u00f3 lesiones.<\/p>\n<p>\u201cMe voy con un sabor amargo porque trabajamos muy duro con todo mi equipo para tratar de lograr una buena carrera, por suerte estoy bien y ahora \u00a0hay que pensar en Santa Fe\u201d, dijo el bocha que ya piensa en su pr\u00f3xima carrera.<\/p>\n<p>La pr\u00f3xima fecha de la especialidad ser\u00e1 el fin de semana del 28 de Julio en el aut\u00f3dromo \u201cParque de la Velocidad\u201d de San Jorge (Santa Fe).<\/p>\n","protected":false},"excerpt":{"rendered":"<p>El piloto mendocino (Croizet Racing) que participa de la Formula Renault Plus, se qued\u00f3 sin<\/p>\n","protected":false},"author":1,"featured_media":7174,"comment_status":"open","ping_status":"closed","sticky":false,"template":"","format":"standard","meta":{"footnotes":""},"categories":[6],"tags":[],"class_list":["post-7173","post","type-post","status-publish","format-standard","has-post-thumbnail","hentry","category-nacionales"],"featured_image_urls":{"full":["https:\/\/curva1.com.ar\/wp-content\/uploads\/2013\/07\/1044256_10201421838728778_1135071155_n.jpg",500,281,false],"thumbnail":["https:\/\/curva1.com.ar\/wp-content\/uploads\/2013\/07\/1044256_10201421838728778_1135071155_n-300x169.jpg",300,169,true],"medium":["https:\/\/curva1.com.ar\/wp-content\/uploads\/2013\/07\/1044256_10201421838728778_1135071155_n.jpg",500,281,false],"medium_large":["https:\/\/curva1.com.ar\/wp-content\/uploads\/2013\/07\/1044256_10201421838728778_1135071155_n.jpg",500,281,false],"large":["https:\/\/curva1.com.ar\/wp-content\/uploads\/2013\/07\/1044256_10201421838728778_1135071155_n.jpg",500,281,false],"1536x1536":["https:\/\/curva1.com.ar\/wp-content\/uploads\/2013\/07\/1044256_10201421838728778_1135071155_n.jpg",500,281,false],"2048x2048":["https:\/\/curva1.com.ar\/wp-content\/uploads\/2013\/07\/1044256_10201421838728778_1135071155_n.jpg",500,281,false],"chromenews-featured":["https:\/\/curva1.com.ar\/wp-content\/uploads\/2013\/07\/1044256_10201421838728778_1135071155_n.jpg",500,281,false],"chromenews-large":["https:\/\/curva1.com.ar\/wp-content\/uploads\/2013\/07\/1044256_10201421838728778_1135071155_n.jpg",500,281,false],"chromenews-medium":["https:\/\/curva1.com.ar\/wp-content\/uploads\/2013\/07\/1044256_10201421838728778_1135071155_n.jpg",500,281,false]},"author_info":{"display_name":"Jos\u00e9 Bravo","author_link":"https:\/\/curva1.com.ar\/?author=1"},"category_info":"<a href=\"https:\/\/curva1.com.ar\/?cat=6\" rel=\"category\">Nacionales<\/a>","tag_info":"Nacionales","comment_count":"0","_links":{"self":[{"href":"https:\/\/curva1.com.ar\/index.php?rest_route=\/wp\/v2\/posts\/7173","targetHints":{"allow":["GET"]}}],"collection":[{"href":"https:\/\/curva1.com.ar\/index.php?rest_route=\/wp\/v2\/posts"}],"about":[{"href":"https:\/\/curva1.com.ar\/index.php?rest_route=\/wp\/v2\/types\/post"}],"author":[{"embeddable":true,"href":"https:\/\/curva1.com.ar\/index.php?rest_route=\/wp\/v2\/users\/1"}],"replies":[{"embeddable":true,"href":"https:\/\/curva1.com.ar\/index.php?rest_route=%2Fwp%2Fv2%2Fcomments&post=7173"}],"version-history":[{"count":1,"href":"https:\/\/curva1.com.ar\/index.php?rest_route=\/wp\/v2\/posts\/7173\/revisions"}],"predecessor-version":[{"id":7175,"href":"https:\/\/curva1.com.ar\/index.php?rest_route=\/wp\/v2\/posts\/7173\/revisions\/7175"}],"wp:featuredmedia":[{"embeddable":true,"href":"https:\/\/curva1.com.ar\/index.php?rest_route=\/wp\/v2\/media\/7174"}],"wp:attachment":[{"href":"https:\/\/curva1.com.ar\/index.php?rest_route=%2Fwp%2Fv2%2Fmedia&parent=7173"}],"wp:term":[{"taxonomy":"category","embeddable":true,"href":"https:\/\/curva1.com.ar\/index.php?rest_route=%2Fwp%2Fv2%2Fcategories&post=7173"},{"taxonomy":"post_tag","embeddable":true,"href":"https:\/\/curva1.com.ar\/index.php?rest_route=%2Fwp%2Fv2%2Ftags&post=7173"}],"curies":[{"name":"wp","href":"https:\/\/api.w.org\/{rel}","templated":true}]}}