{"id":7211,"date":"2013-07-02T23:15:57","date_gmt":"2013-07-03T02:15:57","guid":{"rendered":"http:\/\/www.curva1.com.ar\/?p=7211"},"modified":"2013-07-03T02:13:12","modified_gmt":"2013-07-03T05:13:12","slug":"el-sanjuanino-tobias-martinez-gano-otra-vez-y-lidera-la-pre-junior","status":"publish","type":"post","link":"https:\/\/curva1.com.ar\/?p=7211","title":{"rendered":"El sanjuanino Tob\u00edas Mart\u00ednez gan\u00f3 otra vez y lidera la Pre J\u00fanior"},"content":{"rendered":"<p><img loading=\"lazy\" decoding=\"async\" class=\"aligncenter size-full wp-image-7212\" alt=\"IMG_94271\" src=\"http:\/\/www.curva1.com.ar\/wp-content\/uploads\/2013\/07\/IMG_94271.jpg\" width=\"502\" height=\"282\" srcset=\"https:\/\/curva1.com.ar\/wp-content\/uploads\/2013\/07\/IMG_94271.jpg 800w, https:\/\/curva1.com.ar\/wp-content\/uploads\/2013\/07\/IMG_94271-300x169.jpg 300w, https:\/\/curva1.com.ar\/wp-content\/uploads\/2013\/07\/IMG_94271-600x337.jpg 600w\" sizes=\"auto, (max-width: 502px) 100vw, 502px\" \/><\/p>\n<p>El kartista de San Juan sigue imparable en la Pre J\u00fanior Cuyana, luego de cosechar todos los puntos en disputa correspondientes a la tercera fecha del certamen anual que se llev\u00f3 a cabo en San Mart\u00edn, Mendoza.<\/p>\n<p>A pesar de haber sido el dominador de todo el domingo, Tob\u00edas no la tuvo f\u00e1cil y los relojes lo demostraron fehacientemente. En la \u00fanica tanda de entrenamientos fue el m\u00e1s r\u00e1pido, pero solo aventajando a Germ\u00e1n Mart\u00ednez por 74 mil\u00e9simas.<\/p>\n<p>En clasificaci\u00f3n, la diferencia fue casi igual, ya que ah\u00ed fueron 73 las mil\u00e9simas que estuvieron a favor de Tob\u00edas para quedarse con la pole position de la fecha.<\/p>\n<p>Luego en carrera, si pudo plasmar su buen momento en cuanto al manejo y ganar con cierta comodidad, respecto a sus escoltas, el puntano Emanuel Ideme y el mendocino Lucas Vicino, que luego fue recargado.<\/p>\n<p>Pic\u00f3 en punta en la final, seguido por Germ\u00e1n Mart\u00ednez, mientras Ideme y el sanjuanino Diego Palma se rozaban y un poco m\u00e1s atr\u00e1s entraban en trompo Vicino y Bolzonella. Los dos \u201cMart\u00ednez\u201d, que no son parientes, se escaparon y la pelea se centr\u00f3 en el tercer lugar. Luego de las vueltas pactadas, Tob\u00edas pudo abrochar un nuevo triunfo, aunque ajustado por la presi\u00f3n de Germ\u00e1n Mart\u00ednez.<\/p>\n<p><strong>\u201cPudimos hacer todo bien para seguir siendo puntero, as\u00ed que estamos contentos por eso. Como siempre, el agradecimiento para mi familia, el equipo y todos los que me acompa\u00f1aron\u201d<\/strong>\u00a0coment\u00f3 el piloto luego de finalizada la competencia.<\/p>\n<p>La pr\u00f3xima fecha del certamen cuyano est\u00e1 pactada para el mes de Julio.<\/p>\n<blockquote><p><strong>RESUMEN PERSONAL<\/strong><\/p>\n<p style=\"padding-left: 30px;\"><strong>Clasificaci\u00f3n:<\/strong>\u00a01\u00ba<\/p>\n<p style=\"padding-left: 30px;\"><strong>Serie:<\/strong>\u00a01\u00ba TOBIAS MARTINEZ, 2\u00ba Emanuel Ideme, 3\u00ba\u00a0German Mart\u00ednez<\/p>\n<p style=\"padding-left: 30px;\"><strong>Final:<\/strong>\u00a01\u00ba TOBIAS MARTINEZ, 2\u00ba German Mart\u00ednez, 3\u00ba Emanuel Ideme<\/p>\n<\/blockquote>\n<p><span style=\"color: #ff0000;\"><strong>\u00a0Mira sus fotos en la web oficial:<\/strong><\/span><\/p>\n<h2 style=\"text-align: center;\"><a href=\"http:\/\/tobiasmartinez.com.ar\/?p=643\" target=\"_blank\">www.tobiasmartinez.com.ar<\/a><\/h2>\n","protected":false},"excerpt":{"rendered":"<p>El kartista de San Juan sigue imparable en la Pre J\u00fanior Cuyana, luego de cosechar<\/p>\n","protected":false},"author":1,"featured_media":7212,"comment_status":"open","ping_status":"closed","sticky":false,"template":"","format":"standard","meta":{"footnotes":""},"categories":[4],"tags":[],"class_list":["post-7211","post","type-post","status-publish","format-standard","has-post-thumbnail","hentry","category-karting"],"featured_image_urls":{"full":["https:\/\/curva1.com.ar\/wp-content\/uploads\/2013\/07\/IMG_94271.jpg",800,450,false],"thumbnail":["https:\/\/curva1.com.ar\/wp-content\/uploads\/2013\/07\/IMG_94271-300x169.jpg",300,169,true],"medium":["https:\/\/curva1.com.ar\/wp-content\/uploads\/2013\/07\/IMG_94271-600x337.jpg",600,337,true],"medium_large":["https:\/\/curva1.com.ar\/wp-content\/uploads\/2013\/07\/IMG_94271.jpg",640,360,false],"large":["https:\/\/curva1.com.ar\/wp-content\/uploads\/2013\/07\/IMG_94271.jpg",640,360,false],"1536x1536":["https:\/\/curva1.com.ar\/wp-content\/uploads\/2013\/07\/IMG_94271.jpg",800,450,false],"2048x2048":["https:\/\/curva1.com.ar\/wp-content\/uploads\/2013\/07\/IMG_94271.jpg",800,450,false],"chromenews-featured":["https:\/\/curva1.com.ar\/wp-content\/uploads\/2013\/07\/IMG_94271.jpg",800,450,false],"chromenews-large":["https:\/\/curva1.com.ar\/wp-content\/uploads\/2013\/07\/IMG_94271.jpg",800,450,false],"chromenews-medium":["https:\/\/curva1.com.ar\/wp-content\/uploads\/2013\/07\/IMG_94271.jpg",590,332,false]},"author_info":{"display_name":"Jos\u00e9 Bravo","author_link":"https:\/\/curva1.com.ar\/?author=1"},"category_info":"<a href=\"https:\/\/curva1.com.ar\/?cat=4\" rel=\"category\">Karting Asfalto<\/a>","tag_info":"Karting Asfalto","comment_count":"0","_links":{"self":[{"href":"https:\/\/curva1.com.ar\/index.php?rest_route=\/wp\/v2\/posts\/7211","targetHints":{"allow":["GET"]}}],"collection":[{"href":"https:\/\/curva1.com.ar\/index.php?rest_route=\/wp\/v2\/posts"}],"about":[{"href":"https:\/\/curva1.com.ar\/index.php?rest_route=\/wp\/v2\/types\/post"}],"author":[{"embeddable":true,"href":"https:\/\/curva1.com.ar\/index.php?rest_route=\/wp\/v2\/users\/1"}],"replies":[{"embeddable":true,"href":"https:\/\/curva1.com.ar\/index.php?rest_route=%2Fwp%2Fv2%2Fcomments&post=7211"}],"version-history":[{"count":3,"href":"https:\/\/curva1.com.ar\/index.php?rest_route=\/wp\/v2\/posts\/7211\/revisions"}],"predecessor-version":[{"id":7214,"href":"https:\/\/curva1.com.ar\/index.php?rest_route=\/wp\/v2\/posts\/7211\/revisions\/7214"}],"wp:featuredmedia":[{"embeddable":true,"href":"https:\/\/curva1.com.ar\/index.php?rest_route=\/wp\/v2\/media\/7212"}],"wp:attachment":[{"href":"https:\/\/curva1.com.ar\/index.php?rest_route=%2Fwp%2Fv2%2Fmedia&parent=7211"}],"wp:term":[{"taxonomy":"category","embeddable":true,"href":"https:\/\/curva1.com.ar\/index.php?rest_route=%2Fwp%2Fv2%2Fcategories&post=7211"},{"taxonomy":"post_tag","embeddable":true,"href":"https:\/\/curva1.com.ar\/index.php?rest_route=%2Fwp%2Fv2%2Ftags&post=7211"}],"curies":[{"name":"wp","href":"https:\/\/api.w.org\/{rel}","templated":true}]}}