{"id":7232,"date":"2013-07-03T22:51:49","date_gmt":"2013-07-04T01:51:49","guid":{"rendered":"http:\/\/www.curva1.com.ar\/?p=7232"},"modified":"2013-07-04T11:33:10","modified_gmt":"2013-07-04T14:33:10","slug":"nestor-girolami-y-leandro-mulet-suspendidos-por-el-accidente-en-rafaela","status":"publish","type":"post","link":"https:\/\/curva1.com.ar\/?p=7232","title":{"rendered":"Girolami y Mulet suspendidos por el accidente en Rafaela"},"content":{"rendered":"<p><img loading=\"lazy\" decoding=\"async\" class=\"alignleft size-full wp-image-7233\" alt=\"8996_encabezado\" src=\"http:\/\/www.curva1.com.ar\/wp-content\/uploads\/2013\/07\/8996_encabezado.jpg\" width=\"300\" height=\"169\" \/>La Comisi\u00f3n Asesora y Fiscalizadora de la ACTC, emiti\u00f3 un comunicado luego de la reuni\u00f3n concretada en la noche del martes.<\/p>\n<p>Atento al accidente en el que se vieron involucrados los pilotos de la categor\u00eda Turismo Carretera, N\u00e9stor Girolami y Leandro Mulet, ocurrido el domingo pasado durante la competencia disputada en el aut\u00f3dromo de Rafaela, y a sus respectivas responsabilidades en el mismo, se los suspende provisoriamente y se los cita a concurrir a esta CAF (art. 17-004 RDA) para el d\u00eda martes 16 de Julio a las 18,10 y 18,30 hs. respectivamente.<\/p>\n","protected":false},"excerpt":{"rendered":"<p>La Comisi\u00f3n Asesora y Fiscalizadora de la ACTC, emiti\u00f3 un comunicado luego de la reuni\u00f3n<\/p>\n","protected":false},"author":1,"featured_media":7239,"comment_status":"open","ping_status":"closed","sticky":false,"template":"","format":"standard","meta":{"footnotes":""},"categories":[6],"tags":[],"class_list":["post-7232","post","type-post","status-publish","format-standard","has-post-thumbnail","hentry","category-nacionales"],"featured_image_urls":{"full":["https:\/\/curva1.com.ar\/wp-content\/uploads\/2013\/07\/A615462C112F32729AE821FBA44B2126_web.jpg",295,166,false],"thumbnail":["https:\/\/curva1.com.ar\/wp-content\/uploads\/2013\/07\/A615462C112F32729AE821FBA44B2126_web.jpg",295,166,false],"medium":["https:\/\/curva1.com.ar\/wp-content\/uploads\/2013\/07\/A615462C112F32729AE821FBA44B2126_web.jpg",295,166,false],"medium_large":["https:\/\/curva1.com.ar\/wp-content\/uploads\/2013\/07\/A615462C112F32729AE821FBA44B2126_web.jpg",295,166,false],"large":["https:\/\/curva1.com.ar\/wp-content\/uploads\/2013\/07\/A615462C112F32729AE821FBA44B2126_web.jpg",295,166,false],"1536x1536":["https:\/\/curva1.com.ar\/wp-content\/uploads\/2013\/07\/A615462C112F32729AE821FBA44B2126_web.jpg",295,166,false],"2048x2048":["https:\/\/curva1.com.ar\/wp-content\/uploads\/2013\/07\/A615462C112F32729AE821FBA44B2126_web.jpg",295,166,false],"chromenews-featured":["https:\/\/curva1.com.ar\/wp-content\/uploads\/2013\/07\/A615462C112F32729AE821FBA44B2126_web.jpg",295,166,false],"chromenews-large":["https:\/\/curva1.com.ar\/wp-content\/uploads\/2013\/07\/A615462C112F32729AE821FBA44B2126_web.jpg",295,166,false],"chromenews-medium":["https:\/\/curva1.com.ar\/wp-content\/uploads\/2013\/07\/A615462C112F32729AE821FBA44B2126_web.jpg",295,166,false]},"author_info":{"display_name":"Jos\u00e9 Bravo","author_link":"https:\/\/curva1.com.ar\/?author=1"},"category_info":"<a href=\"https:\/\/curva1.com.ar\/?cat=6\" rel=\"category\">Nacionales<\/a>","tag_info":"Nacionales","comment_count":"0","_links":{"self":[{"href":"https:\/\/curva1.com.ar\/index.php?rest_route=\/wp\/v2\/posts\/7232","targetHints":{"allow":["GET"]}}],"collection":[{"href":"https:\/\/curva1.com.ar\/index.php?rest_route=\/wp\/v2\/posts"}],"about":[{"href":"https:\/\/curva1.com.ar\/index.php?rest_route=\/wp\/v2\/types\/post"}],"author":[{"embeddable":true,"href":"https:\/\/curva1.com.ar\/index.php?rest_route=\/wp\/v2\/users\/1"}],"replies":[{"embeddable":true,"href":"https:\/\/curva1.com.ar\/index.php?rest_route=%2Fwp%2Fv2%2Fcomments&post=7232"}],"version-history":[{"count":6,"href":"https:\/\/curva1.com.ar\/index.php?rest_route=\/wp\/v2\/posts\/7232\/revisions"}],"predecessor-version":[{"id":7235,"href":"https:\/\/curva1.com.ar\/index.php?rest_route=\/wp\/v2\/posts\/7232\/revisions\/7235"}],"wp:featuredmedia":[{"embeddable":true,"href":"https:\/\/curva1.com.ar\/index.php?rest_route=\/wp\/v2\/media\/7239"}],"wp:attachment":[{"href":"https:\/\/curva1.com.ar\/index.php?rest_route=%2Fwp%2Fv2%2Fmedia&parent=7232"}],"wp:term":[{"taxonomy":"category","embeddable":true,"href":"https:\/\/curva1.com.ar\/index.php?rest_route=%2Fwp%2Fv2%2Fcategories&post=7232"},{"taxonomy":"post_tag","embeddable":true,"href":"https:\/\/curva1.com.ar\/index.php?rest_route=%2Fwp%2Fv2%2Ftags&post=7232"}],"curies":[{"name":"wp","href":"https:\/\/api.w.org\/{rel}","templated":true}]}}