{"id":7278,"date":"2013-07-04T15:24:22","date_gmt":"2013-07-04T18:24:22","guid":{"rendered":"http:\/\/www.curva1.com.ar\/?p=7278"},"modified":"2013-07-04T15:24:22","modified_gmt":"2013-07-04T18:24:22","slug":"montivero-con-intenciones-de-sumarse-a-la-clase-1-del-zonal","status":"publish","type":"post","link":"https:\/\/curva1.com.ar\/?p=7278","title":{"rendered":"Montivero con intenciones de sumarse a la Clase 1 del zonal"},"content":{"rendered":"<p><img loading=\"lazy\" decoding=\"async\" class=\"aligncenter size-full wp-image-7279\" alt=\"1000066_10201224085661052_1537883565_n\" src=\"http:\/\/www.curva1.com.ar\/wp-content\/uploads\/2013\/07\/1000066_10201224085661052_1537883565_n.jpg\" width=\"453\" height=\"255\" srcset=\"https:\/\/curva1.com.ar\/wp-content\/uploads\/2013\/07\/1000066_10201224085661052_1537883565_n.jpg 453w, https:\/\/curva1.com.ar\/wp-content\/uploads\/2013\/07\/1000066_10201224085661052_1537883565_n-300x169.jpg 300w\" sizes=\"auto, (max-width: 453px) 100vw, 453px\" \/><\/p>\n<p>El actual piloto de la 850 Grupo 1 de Tradicionales adquiri\u00f3 hace tiempo un auto con la intenci\u00f3n de incorporarse al automovilismo de asfalto.<\/p>\n<p><strong>&#8220;El Fiat est\u00e1 en el taller de Zangrandi y est\u00e1 desmantelado en estos momentos, ya que se lo est\u00e1 acondicionando para el asfalto. Es un auto que Hugo Ferrero us\u00f3 la temporada pasada en una carrera en San Mart\u00edn&#8221;<\/strong> explic\u00f3 Leonardo Montivero a Curva 1.<\/p>\n<p>Chucky tambi\u00e9n destac\u00f3 <strong>&#8220;Gracias al apoyo de mis sponsor vamos a tratar de terminarlo en poco m\u00e1s de un mes, para tirarlo a la pista, probar y luego ver la posibilidad de sumarnos a la Clase 1 del Zonal Cuyano&#8221;.<\/strong><\/p>\n","protected":false},"excerpt":{"rendered":"<p>El actual piloto de la 850 Grupo 1 de Tradicionales adquiri\u00f3 hace tiempo un auto<\/p>\n","protected":false},"author":1,"featured_media":7279,"comment_status":"open","ping_status":"closed","sticky":false,"template":"","format":"standard","meta":{"footnotes":""},"categories":[1],"tags":[],"class_list":["post-7278","post","type-post","status-publish","format-standard","has-post-thumbnail","hentry","category-zonal-cuyano"],"featured_image_urls":{"full":["https:\/\/curva1.com.ar\/wp-content\/uploads\/2013\/07\/1000066_10201224085661052_1537883565_n.jpg",453,255,false],"thumbnail":["https:\/\/curva1.com.ar\/wp-content\/uploads\/2013\/07\/1000066_10201224085661052_1537883565_n-300x169.jpg",300,169,true],"medium":["https:\/\/curva1.com.ar\/wp-content\/uploads\/2013\/07\/1000066_10201224085661052_1537883565_n.jpg",453,255,false],"medium_large":["https:\/\/curva1.com.ar\/wp-content\/uploads\/2013\/07\/1000066_10201224085661052_1537883565_n.jpg",453,255,false],"large":["https:\/\/curva1.com.ar\/wp-content\/uploads\/2013\/07\/1000066_10201224085661052_1537883565_n.jpg",453,255,false],"1536x1536":["https:\/\/curva1.com.ar\/wp-content\/uploads\/2013\/07\/1000066_10201224085661052_1537883565_n.jpg",453,255,false],"2048x2048":["https:\/\/curva1.com.ar\/wp-content\/uploads\/2013\/07\/1000066_10201224085661052_1537883565_n.jpg",453,255,false],"chromenews-featured":["https:\/\/curva1.com.ar\/wp-content\/uploads\/2013\/07\/1000066_10201224085661052_1537883565_n.jpg",453,255,false],"chromenews-large":["https:\/\/curva1.com.ar\/wp-content\/uploads\/2013\/07\/1000066_10201224085661052_1537883565_n.jpg",453,255,false],"chromenews-medium":["https:\/\/curva1.com.ar\/wp-content\/uploads\/2013\/07\/1000066_10201224085661052_1537883565_n.jpg",453,255,false]},"author_info":{"display_name":"Jos\u00e9 Bravo","author_link":"https:\/\/curva1.com.ar\/?author=1"},"category_info":"<a href=\"https:\/\/curva1.com.ar\/?cat=1\" rel=\"category\">Zonal Cuyano<\/a>","tag_info":"Zonal Cuyano","comment_count":"0","_links":{"self":[{"href":"https:\/\/curva1.com.ar\/index.php?rest_route=\/wp\/v2\/posts\/7278","targetHints":{"allow":["GET"]}}],"collection":[{"href":"https:\/\/curva1.com.ar\/index.php?rest_route=\/wp\/v2\/posts"}],"about":[{"href":"https:\/\/curva1.com.ar\/index.php?rest_route=\/wp\/v2\/types\/post"}],"author":[{"embeddable":true,"href":"https:\/\/curva1.com.ar\/index.php?rest_route=\/wp\/v2\/users\/1"}],"replies":[{"embeddable":true,"href":"https:\/\/curva1.com.ar\/index.php?rest_route=%2Fwp%2Fv2%2Fcomments&post=7278"}],"version-history":[{"count":1,"href":"https:\/\/curva1.com.ar\/index.php?rest_route=\/wp\/v2\/posts\/7278\/revisions"}],"predecessor-version":[{"id":7280,"href":"https:\/\/curva1.com.ar\/index.php?rest_route=\/wp\/v2\/posts\/7278\/revisions\/7280"}],"wp:featuredmedia":[{"embeddable":true,"href":"https:\/\/curva1.com.ar\/index.php?rest_route=\/wp\/v2\/media\/7279"}],"wp:attachment":[{"href":"https:\/\/curva1.com.ar\/index.php?rest_route=%2Fwp%2Fv2%2Fmedia&parent=7278"}],"wp:term":[{"taxonomy":"category","embeddable":true,"href":"https:\/\/curva1.com.ar\/index.php?rest_route=%2Fwp%2Fv2%2Fcategories&post=7278"},{"taxonomy":"post_tag","embeddable":true,"href":"https:\/\/curva1.com.ar\/index.php?rest_route=%2Fwp%2Fv2%2Ftags&post=7278"}],"curies":[{"name":"wp","href":"https:\/\/api.w.org\/{rel}","templated":true}]}}