{"id":7281,"date":"2013-07-04T15:30:31","date_gmt":"2013-07-04T18:30:31","guid":{"rendered":"http:\/\/www.curva1.com.ar\/?p=7281"},"modified":"2013-07-04T15:37:08","modified_gmt":"2013-07-04T18:37:08","slug":"daniel-bustos-dio-detalles-del-regreso-del-tc-junior-al-zonal-cuyano","status":"publish","type":"post","link":"https:\/\/curva1.com.ar\/?p=7281","title":{"rendered":"Daniel Bustos dio detalles del regreso del TC J\u00fanior al Zonal"},"content":{"rendered":"<p><img loading=\"lazy\" decoding=\"async\" class=\"aligncenter size-full wp-image-7282\" alt=\"181260_203926949760549_96412682_n\" src=\"http:\/\/www.curva1.com.ar\/wp-content\/uploads\/2013\/07\/181260_203926949760549_96412682_n.jpg\" width=\"500\" height=\"282\" srcset=\"https:\/\/curva1.com.ar\/wp-content\/uploads\/2013\/07\/181260_203926949760549_96412682_n.jpg 500w, https:\/\/curva1.com.ar\/wp-content\/uploads\/2013\/07\/181260_203926949760549_96412682_n-300x169.jpg 300w\" sizes=\"auto, (max-width: 500px) 100vw, 500px\" \/><\/p>\n<p>El ex campe\u00f3n de la categor\u00eda habl\u00f3 anoche con Curva 1 RADIO y coment\u00f3 <strong>&#8220;tuvimos una reuni\u00f3n muy positiva, donde asistieron 13 pilotos. La reuni\u00f3n se hizo en la secretar\u00eda del AVE, ya que fue esta instituci\u00f3n quien llev\u00f3 al TC J\u00fanior de la tierra al asfalto&#8221;.<\/strong><\/p>\n<p><strong>&#8220;La idea es estar en la pr\u00f3xima fecha que se realice en San Mart\u00edn. Queremos sumar autos, que vengan todos los autos que quieran, los Fiat 125, Dodge 1500, Opel, Ford Sierra, Gacel, que vengan, luego en el camino equipararemos los autos. Lo que se quiere es usar este a\u00f1o para prepararnos para el pr\u00f3ximo a\u00f1o&#8221;<\/strong> sigui\u00f3 la charla.<\/p>\n<p><strong>&#8220;Queremos apoyar la categor\u00eda, pero no queremos que nos mientan. Hemos quedado de acuerdo que en una prueba libre en San Mart\u00edn nos reuniremos todos los TC J\u00fanior disponibles, para ver en realidad quienes van y quienen no&#8221;<\/strong> finaliz\u00f3 Bustos.<\/p>\n","protected":false},"excerpt":{"rendered":"<p>El ex campe\u00f3n de la categor\u00eda habl\u00f3 anoche con Curva 1 RADIO y coment\u00f3 &#8220;tuvimos<\/p>\n","protected":false},"author":1,"featured_media":7282,"comment_status":"open","ping_status":"closed","sticky":false,"template":"","format":"standard","meta":{"footnotes":""},"categories":[1],"tags":[],"class_list":["post-7281","post","type-post","status-publish","format-standard","has-post-thumbnail","hentry","category-zonal-cuyano"],"featured_image_urls":{"full":["https:\/\/curva1.com.ar\/wp-content\/uploads\/2013\/07\/181260_203926949760549_96412682_n.jpg",500,282,false],"thumbnail":["https:\/\/curva1.com.ar\/wp-content\/uploads\/2013\/07\/181260_203926949760549_96412682_n-300x169.jpg",300,169,true],"medium":["https:\/\/curva1.com.ar\/wp-content\/uploads\/2013\/07\/181260_203926949760549_96412682_n.jpg",500,282,false],"medium_large":["https:\/\/curva1.com.ar\/wp-content\/uploads\/2013\/07\/181260_203926949760549_96412682_n.jpg",500,282,false],"large":["https:\/\/curva1.com.ar\/wp-content\/uploads\/2013\/07\/181260_203926949760549_96412682_n.jpg",500,282,false],"1536x1536":["https:\/\/curva1.com.ar\/wp-content\/uploads\/2013\/07\/181260_203926949760549_96412682_n.jpg",500,282,false],"2048x2048":["https:\/\/curva1.com.ar\/wp-content\/uploads\/2013\/07\/181260_203926949760549_96412682_n.jpg",500,282,false],"chromenews-featured":["https:\/\/curva1.com.ar\/wp-content\/uploads\/2013\/07\/181260_203926949760549_96412682_n.jpg",500,282,false],"chromenews-large":["https:\/\/curva1.com.ar\/wp-content\/uploads\/2013\/07\/181260_203926949760549_96412682_n.jpg",500,282,false],"chromenews-medium":["https:\/\/curva1.com.ar\/wp-content\/uploads\/2013\/07\/181260_203926949760549_96412682_n.jpg",500,282,false]},"author_info":{"display_name":"Jos\u00e9 Bravo","author_link":"https:\/\/curva1.com.ar\/?author=1"},"category_info":"<a href=\"https:\/\/curva1.com.ar\/?cat=1\" rel=\"category\">Zonal Cuyano<\/a>","tag_info":"Zonal Cuyano","comment_count":"0","_links":{"self":[{"href":"https:\/\/curva1.com.ar\/index.php?rest_route=\/wp\/v2\/posts\/7281","targetHints":{"allow":["GET"]}}],"collection":[{"href":"https:\/\/curva1.com.ar\/index.php?rest_route=\/wp\/v2\/posts"}],"about":[{"href":"https:\/\/curva1.com.ar\/index.php?rest_route=\/wp\/v2\/types\/post"}],"author":[{"embeddable":true,"href":"https:\/\/curva1.com.ar\/index.php?rest_route=\/wp\/v2\/users\/1"}],"replies":[{"embeddable":true,"href":"https:\/\/curva1.com.ar\/index.php?rest_route=%2Fwp%2Fv2%2Fcomments&post=7281"}],"version-history":[{"count":3,"href":"https:\/\/curva1.com.ar\/index.php?rest_route=\/wp\/v2\/posts\/7281\/revisions"}],"predecessor-version":[{"id":7284,"href":"https:\/\/curva1.com.ar\/index.php?rest_route=\/wp\/v2\/posts\/7281\/revisions\/7284"}],"wp:featuredmedia":[{"embeddable":true,"href":"https:\/\/curva1.com.ar\/index.php?rest_route=\/wp\/v2\/media\/7282"}],"wp:attachment":[{"href":"https:\/\/curva1.com.ar\/index.php?rest_route=%2Fwp%2Fv2%2Fmedia&parent=7281"}],"wp:term":[{"taxonomy":"category","embeddable":true,"href":"https:\/\/curva1.com.ar\/index.php?rest_route=%2Fwp%2Fv2%2Fcategories&post=7281"},{"taxonomy":"post_tag","embeddable":true,"href":"https:\/\/curva1.com.ar\/index.php?rest_route=%2Fwp%2Fv2%2Ftags&post=7281"}],"curies":[{"name":"wp","href":"https:\/\/api.w.org\/{rel}","templated":true}]}}