{"id":7318,"date":"2013-07-04T21:24:28","date_gmt":"2013-07-05T00:24:28","guid":{"rendered":"http:\/\/www.curva1.com.ar\/?p=7318"},"modified":"2013-07-04T21:32:30","modified_gmt":"2013-07-05T00:32:30","slug":"actc-modifico-el-reglamento-del-tc-y-elevo-la-relacion-de-compresion-para-chevrolet","status":"publish","type":"post","link":"https:\/\/curva1.com.ar\/?p=7318","title":{"rendered":"ACTC modific\u00f3 el reglamento del TC y elev\u00f3 la relaci\u00f3n de compresi\u00f3n para Chevrolet"},"content":{"rendered":"<p><img loading=\"lazy\" decoding=\"async\" class=\"aligncenter size-full wp-image-7324\" alt=\"19906_originalfile\" src=\"http:\/\/www.curva1.com.ar\/wp-content\/uploads\/2013\/07\/19906_originalfile.jpg\" width=\"500\" height=\"281\" srcset=\"https:\/\/curva1.com.ar\/wp-content\/uploads\/2013\/07\/19906_originalfile.jpg 500w, https:\/\/curva1.com.ar\/wp-content\/uploads\/2013\/07\/19906_originalfile-300x169.jpg 300w\" sizes=\"auto, (max-width: 500px) 100vw, 500px\" \/><\/p>\n<p>El Departamento T\u00e9cnico de la ACTC informa que a partir de la pr\u00f3xima competencia del Turismo Carretera, el Reglamento T\u00e9cnico sufrir\u00e1 algunas modificaciones para la marca Chevrolet.<\/p>\n<p>El Departamento T\u00e9nico de la ACTC informa que a partir de la pr\u00f3xima competencia a realizarse en el aut\u00f3dromo de Buenos Aires, el reglamento T\u00e9cnico sufrir\u00e1 la siguiente modificaci\u00f3n para la marca Chevrolet:<\/p>\n<p>RELACI\u00d3N DE COMPRESI\u00d3N (Actual)<\/p>\n<p>La relaci\u00f3n de compresi\u00f3n una vez reelaborada la c\u00e1mara de combusti\u00f3n ser\u00e1:<\/p>\n<p>Chevrolet&#8230;&#8230;&#8230;&#8230;&#8230;&#8230;&#8230;&#8230;&#8230;&#8230;&#8230;&#8230;&#8230;&#8230;&#8230;..\u00a0 9.2 a 1<\/p>\n<p>Se reemplaza por: (Modificada)<\/p>\n<p>La relaci\u00f3n de compresi\u00f3n una vez reelaborada la c\u00e1mara de combusti\u00f3n ser\u00e1:<\/p>\n<p>Chevrolet&#8230;&#8230;&#8230;&#8230;&#8230;&#8230;&#8230;&#8230;&#8230;&#8230;&#8230;&#8230;&#8230;&#8230;&#8230;..\u00a0 9.5 a 1<\/p>\n<p>Adem\u00e1s se informa que <strong>se elimina hasta nuevo aviso el sorteo de motores de la marca Chevrolet<\/strong> de Turismo Carretera.<\/p>\n","protected":false},"excerpt":{"rendered":"<p>El Departamento T\u00e9cnico de la ACTC informa que a partir de la pr\u00f3xima competencia del<\/p>\n","protected":false},"author":1,"featured_media":7324,"comment_status":"open","ping_status":"closed","sticky":false,"template":"","format":"standard","meta":{"footnotes":""},"categories":[6],"tags":[],"class_list":["post-7318","post","type-post","status-publish","format-standard","has-post-thumbnail","hentry","category-nacionales"],"featured_image_urls":{"full":["https:\/\/curva1.com.ar\/wp-content\/uploads\/2013\/07\/19906_originalfile.jpg",500,281,false],"thumbnail":["https:\/\/curva1.com.ar\/wp-content\/uploads\/2013\/07\/19906_originalfile-300x169.jpg",300,169,true],"medium":["https:\/\/curva1.com.ar\/wp-content\/uploads\/2013\/07\/19906_originalfile.jpg",500,281,false],"medium_large":["https:\/\/curva1.com.ar\/wp-content\/uploads\/2013\/07\/19906_originalfile.jpg",500,281,false],"large":["https:\/\/curva1.com.ar\/wp-content\/uploads\/2013\/07\/19906_originalfile.jpg",500,281,false],"1536x1536":["https:\/\/curva1.com.ar\/wp-content\/uploads\/2013\/07\/19906_originalfile.jpg",500,281,false],"2048x2048":["https:\/\/curva1.com.ar\/wp-content\/uploads\/2013\/07\/19906_originalfile.jpg",500,281,false],"chromenews-featured":["https:\/\/curva1.com.ar\/wp-content\/uploads\/2013\/07\/19906_originalfile.jpg",500,281,false],"chromenews-large":["https:\/\/curva1.com.ar\/wp-content\/uploads\/2013\/07\/19906_originalfile.jpg",500,281,false],"chromenews-medium":["https:\/\/curva1.com.ar\/wp-content\/uploads\/2013\/07\/19906_originalfile.jpg",500,281,false]},"author_info":{"display_name":"Jos\u00e9 Bravo","author_link":"https:\/\/curva1.com.ar\/?author=1"},"category_info":"<a href=\"https:\/\/curva1.com.ar\/?cat=6\" rel=\"category\">Nacionales<\/a>","tag_info":"Nacionales","comment_count":"0","_links":{"self":[{"href":"https:\/\/curva1.com.ar\/index.php?rest_route=\/wp\/v2\/posts\/7318","targetHints":{"allow":["GET"]}}],"collection":[{"href":"https:\/\/curva1.com.ar\/index.php?rest_route=\/wp\/v2\/posts"}],"about":[{"href":"https:\/\/curva1.com.ar\/index.php?rest_route=\/wp\/v2\/types\/post"}],"author":[{"embeddable":true,"href":"https:\/\/curva1.com.ar\/index.php?rest_route=\/wp\/v2\/users\/1"}],"replies":[{"embeddable":true,"href":"https:\/\/curva1.com.ar\/index.php?rest_route=%2Fwp%2Fv2%2Fcomments&post=7318"}],"version-history":[{"count":5,"href":"https:\/\/curva1.com.ar\/index.php?rest_route=\/wp\/v2\/posts\/7318\/revisions"}],"predecessor-version":[{"id":7322,"href":"https:\/\/curva1.com.ar\/index.php?rest_route=\/wp\/v2\/posts\/7318\/revisions\/7322"}],"wp:featuredmedia":[{"embeddable":true,"href":"https:\/\/curva1.com.ar\/index.php?rest_route=\/wp\/v2\/media\/7324"}],"wp:attachment":[{"href":"https:\/\/curva1.com.ar\/index.php?rest_route=%2Fwp%2Fv2%2Fmedia&parent=7318"}],"wp:term":[{"taxonomy":"category","embeddable":true,"href":"https:\/\/curva1.com.ar\/index.php?rest_route=%2Fwp%2Fv2%2Fcategories&post=7318"},{"taxonomy":"post_tag","embeddable":true,"href":"https:\/\/curva1.com.ar\/index.php?rest_route=%2Fwp%2Fv2%2Ftags&post=7318"}],"curies":[{"name":"wp","href":"https:\/\/api.w.org\/{rel}","templated":true}]}}