{"id":7344,"date":"2013-07-06T17:18:20","date_gmt":"2013-07-06T20:18:20","guid":{"rendered":"http:\/\/www.curva1.com.ar\/?p=7344"},"modified":"2013-07-06T17:18:20","modified_gmt":"2013-07-06T20:18:20","slug":"sabado-de-pruebas-libres-del-zonal-en-el-autodromo-de-san-martin","status":"publish","type":"post","link":"https:\/\/curva1.com.ar\/?p=7344","title":{"rendered":"S\u00e1bado de pruebas libres del Zonal en el aut\u00f3dromo de San Mart\u00edn"},"content":{"rendered":"<p><img loading=\"lazy\" decoding=\"async\" class=\"aligncenter size-full wp-image-7353\" alt=\"IMG_20130706_162206\" src=\"http:\/\/www.curva1.com.ar\/wp-content\/uploads\/2013\/07\/IMG_20130706_162206.jpg\" width=\"500\" height=\"281\" srcset=\"https:\/\/curva1.com.ar\/wp-content\/uploads\/2013\/07\/IMG_20130706_162206.jpg 500w, https:\/\/curva1.com.ar\/wp-content\/uploads\/2013\/07\/IMG_20130706_162206-300x169.jpg 300w\" sizes=\"auto, (max-width: 500px) 100vw, 500px\" \/><\/p>\n<p>Hoy por la tarde un buen grupo de autos se hizo presente en el Jorge Angel Pena para llevar a cabo pruebas libres, previo a la 4\u00ba fecha del Zonal Cuyano de pista que se llevar\u00e1 a cabo en San Juan el fin de semana pr\u00f3ximo.<\/p>\n<p>Por el Turismo Pista 1100 giraron:<\/p>\n<p style=\"padding-left: 30px;\">ROLANDO UMANA &#8211; con el motor 1.4 que usar\u00e1 en El Zonda<\/p>\n<p style=\"padding-left: 30px;\">MAXI BRENOT &#8211; Probando el Fiat 128 luego de un tiempo<\/p>\n<p style=\"padding-left: 30px;\">MATIAS MICHELI &#8211; Entrenando para la carrera en la quebrada rugiente<\/p>\n<p>En la Clase 1 estuvieron:<\/p>\n<p style=\"padding-left: 30px;\">HUGO FERRERO &#8211; En el Fiat 600 que deja vacante Sof\u00eda Bustos para viaje<\/p>\n<p style=\"padding-left: 30px;\">SANTIAGO MOL\u00c9 &#8211; El piloto de Tradicionales tambi\u00e9n gir\u00f3 en el mismo auto de Bustos<\/p>\n<p>Por la Clase 2 salieron a pista:<\/p>\n<p style=\"padding-left: 30px;\">FLAVIO MARTINEZ &#8211; En su W Gacel, con la intenci\u00f3n de hacer alguna carrera en San Mart\u00edn<\/p>\n<p style=\"padding-left: 30px;\">GUSTAVO SANTIBA\u00d1EZ &#8211; En su 207 y luego en el Ford Escort (ex Gazze) que pertenece a Garnero<\/p>\n<p style=\"padding-left: 30px;\">SANTIAGO MONTIVEROS &#8211; Piloto que prepara su debut en las pr\u00f3ximas fechas del zonal y gir\u00f3 en el auto de Pablo Mauri<\/p>\n<p>El TC Cuyano tuvo a:<\/p>\n<p style=\"padding-left: 30px;\">MARCOS SERRA &#8211; Confirmando su partipaci\u00f3n en la pr\u00f3xima cita del Zonda<\/p>\n<p style=\"padding-left: 30px;\">GABRIEL CASTILLO &#8211; En el Ford que es propiedad de Ricardo Moreno<\/p>\n<p><img loading=\"lazy\" decoding=\"async\" class=\"aligncenter size-full wp-image-7345\" alt=\"IMG_20130706_153917\" src=\"http:\/\/www.curva1.com.ar\/wp-content\/uploads\/2013\/07\/IMG_20130706_153917.jpg\" width=\"500\" height=\"281\" srcset=\"https:\/\/curva1.com.ar\/wp-content\/uploads\/2013\/07\/IMG_20130706_153917.jpg 500w, https:\/\/curva1.com.ar\/wp-content\/uploads\/2013\/07\/IMG_20130706_153917-300x169.jpg 300w\" sizes=\"auto, (max-width: 500px) 100vw, 500px\" \/> <img loading=\"lazy\" decoding=\"async\" class=\"aligncenter size-full wp-image-7346\" alt=\"IMG_20130706_153953\" src=\"http:\/\/www.curva1.com.ar\/wp-content\/uploads\/2013\/07\/IMG_20130706_153953.jpg\" width=\"500\" height=\"281\" srcset=\"https:\/\/curva1.com.ar\/wp-content\/uploads\/2013\/07\/IMG_20130706_153953.jpg 500w, https:\/\/curva1.com.ar\/wp-content\/uploads\/2013\/07\/IMG_20130706_153953-300x169.jpg 300w\" sizes=\"auto, (max-width: 500px) 100vw, 500px\" \/> <img loading=\"lazy\" decoding=\"async\" class=\"aligncenter size-full wp-image-7347\" alt=\"IMG_20130706_162012\" src=\"http:\/\/www.curva1.com.ar\/wp-content\/uploads\/2013\/07\/IMG_20130706_162012.jpg\" width=\"500\" height=\"281\" srcset=\"https:\/\/curva1.com.ar\/wp-content\/uploads\/2013\/07\/IMG_20130706_162012.jpg 500w, https:\/\/curva1.com.ar\/wp-content\/uploads\/2013\/07\/IMG_20130706_162012-300x169.jpg 300w\" sizes=\"auto, (max-width: 500px) 100vw, 500px\" \/> <img loading=\"lazy\" decoding=\"async\" class=\"aligncenter size-full wp-image-7348\" alt=\"IMG_20130706_162018\" src=\"http:\/\/www.curva1.com.ar\/wp-content\/uploads\/2013\/07\/IMG_20130706_162018.jpg\" width=\"500\" height=\"281\" srcset=\"https:\/\/curva1.com.ar\/wp-content\/uploads\/2013\/07\/IMG_20130706_162018.jpg 500w, https:\/\/curva1.com.ar\/wp-content\/uploads\/2013\/07\/IMG_20130706_162018-300x169.jpg 300w\" sizes=\"auto, (max-width: 500px) 100vw, 500px\" \/> <img loading=\"lazy\" decoding=\"async\" class=\"aligncenter size-full wp-image-7349\" alt=\"IMG_20130706_162913\" src=\"http:\/\/www.curva1.com.ar\/wp-content\/uploads\/2013\/07\/IMG_20130706_162913.jpg\" width=\"500\" height=\"281\" srcset=\"https:\/\/curva1.com.ar\/wp-content\/uploads\/2013\/07\/IMG_20130706_162913.jpg 500w, https:\/\/curva1.com.ar\/wp-content\/uploads\/2013\/07\/IMG_20130706_162913-300x169.jpg 300w\" sizes=\"auto, (max-width: 500px) 100vw, 500px\" \/> <img loading=\"lazy\" decoding=\"async\" class=\"aligncenter size-full wp-image-7350\" alt=\"IMG_20130706_163717\" src=\"http:\/\/www.curva1.com.ar\/wp-content\/uploads\/2013\/07\/IMG_20130706_163717.jpg\" width=\"500\" height=\"375\" srcset=\"https:\/\/curva1.com.ar\/wp-content\/uploads\/2013\/07\/IMG_20130706_163717.jpg 500w, https:\/\/curva1.com.ar\/wp-content\/uploads\/2013\/07\/IMG_20130706_163717-449x337.jpg 449w, https:\/\/curva1.com.ar\/wp-content\/uploads\/2013\/07\/IMG_20130706_163717-200x150.jpg 200w\" sizes=\"auto, (max-width: 500px) 100vw, 500px\" \/> <img loading=\"lazy\" decoding=\"async\" class=\"aligncenter size-full wp-image-7351\" alt=\"IMG_20130706_163950\" src=\"http:\/\/www.curva1.com.ar\/wp-content\/uploads\/2013\/07\/IMG_20130706_163950.jpg\" width=\"500\" height=\"281\" srcset=\"https:\/\/curva1.com.ar\/wp-content\/uploads\/2013\/07\/IMG_20130706_163950.jpg 500w, https:\/\/curva1.com.ar\/wp-content\/uploads\/2013\/07\/IMG_20130706_163950-300x169.jpg 300w\" sizes=\"auto, (max-width: 500px) 100vw, 500px\" \/> <img loading=\"lazy\" decoding=\"async\" class=\"aligncenter size-full wp-image-7352\" alt=\"IMG_20130706_164034\" src=\"http:\/\/www.curva1.com.ar\/wp-content\/uploads\/2013\/07\/IMG_20130706_164034.jpg\" width=\"500\" height=\"281\" srcset=\"https:\/\/curva1.com.ar\/wp-content\/uploads\/2013\/07\/IMG_20130706_164034.jpg 500w, https:\/\/curva1.com.ar\/wp-content\/uploads\/2013\/07\/IMG_20130706_164034-300x169.jpg 300w\" sizes=\"auto, (max-width: 500px) 100vw, 500px\" \/><\/p>\n","protected":false},"excerpt":{"rendered":"<p>Hoy por la tarde un buen grupo de autos se hizo presente en el Jorge<\/p>\n","protected":false},"author":1,"featured_media":7353,"comment_status":"open","ping_status":"closed","sticky":false,"template":"","format":"standard","meta":{"footnotes":""},"categories":[1],"tags":[],"class_list":["post-7344","post","type-post","status-publish","format-standard","has-post-thumbnail","hentry","category-zonal-cuyano"],"featured_image_urls":{"full":["https:\/\/curva1.com.ar\/wp-content\/uploads\/2013\/07\/IMG_20130706_162206.jpg",500,281,false],"thumbnail":["https:\/\/curva1.com.ar\/wp-content\/uploads\/2013\/07\/IMG_20130706_162206-300x169.jpg",300,169,true],"medium":["https:\/\/curva1.com.ar\/wp-content\/uploads\/2013\/07\/IMG_20130706_162206.jpg",500,281,false],"medium_large":["https:\/\/curva1.com.ar\/wp-content\/uploads\/2013\/07\/IMG_20130706_162206.jpg",500,281,false],"large":["https:\/\/curva1.com.ar\/wp-content\/uploads\/2013\/07\/IMG_20130706_162206.jpg",500,281,false],"1536x1536":["https:\/\/curva1.com.ar\/wp-content\/uploads\/2013\/07\/IMG_20130706_162206.jpg",500,281,false],"2048x2048":["https:\/\/curva1.com.ar\/wp-content\/uploads\/2013\/07\/IMG_20130706_162206.jpg",500,281,false],"chromenews-featured":["https:\/\/curva1.com.ar\/wp-content\/uploads\/2013\/07\/IMG_20130706_162206.jpg",500,281,false],"chromenews-large":["https:\/\/curva1.com.ar\/wp-content\/uploads\/2013\/07\/IMG_20130706_162206.jpg",500,281,false],"chromenews-medium":["https:\/\/curva1.com.ar\/wp-content\/uploads\/2013\/07\/IMG_20130706_162206.jpg",500,281,false]},"author_info":{"display_name":"Jos\u00e9 Bravo","author_link":"https:\/\/curva1.com.ar\/?author=1"},"category_info":"<a href=\"https:\/\/curva1.com.ar\/?cat=1\" rel=\"category\">Zonal Cuyano<\/a>","tag_info":"Zonal Cuyano","comment_count":"0","_links":{"self":[{"href":"https:\/\/curva1.com.ar\/index.php?rest_route=\/wp\/v2\/posts\/7344","targetHints":{"allow":["GET"]}}],"collection":[{"href":"https:\/\/curva1.com.ar\/index.php?rest_route=\/wp\/v2\/posts"}],"about":[{"href":"https:\/\/curva1.com.ar\/index.php?rest_route=\/wp\/v2\/types\/post"}],"author":[{"embeddable":true,"href":"https:\/\/curva1.com.ar\/index.php?rest_route=\/wp\/v2\/users\/1"}],"replies":[{"embeddable":true,"href":"https:\/\/curva1.com.ar\/index.php?rest_route=%2Fwp%2Fv2%2Fcomments&post=7344"}],"version-history":[{"count":2,"href":"https:\/\/curva1.com.ar\/index.php?rest_route=\/wp\/v2\/posts\/7344\/revisions"}],"predecessor-version":[{"id":7355,"href":"https:\/\/curva1.com.ar\/index.php?rest_route=\/wp\/v2\/posts\/7344\/revisions\/7355"}],"wp:featuredmedia":[{"embeddable":true,"href":"https:\/\/curva1.com.ar\/index.php?rest_route=\/wp\/v2\/media\/7353"}],"wp:attachment":[{"href":"https:\/\/curva1.com.ar\/index.php?rest_route=%2Fwp%2Fv2%2Fmedia&parent=7344"}],"wp:term":[{"taxonomy":"category","embeddable":true,"href":"https:\/\/curva1.com.ar\/index.php?rest_route=%2Fwp%2Fv2%2Fcategories&post=7344"},{"taxonomy":"post_tag","embeddable":true,"href":"https:\/\/curva1.com.ar\/index.php?rest_route=%2Fwp%2Fv2%2Ftags&post=7344"}],"curies":[{"name":"wp","href":"https:\/\/api.w.org\/{rel}","templated":true}]}}