{"id":7364,"date":"2013-07-08T10:46:21","date_gmt":"2013-07-08T13:46:21","guid":{"rendered":"http:\/\/www.curva1.com.ar\/?p=7364"},"modified":"2013-07-08T14:52:01","modified_gmt":"2013-07-08T17:52:01","slug":"moreno-es-baja-en-san-juan-esperando-por-la-nueva-chevy-de-castillo","status":"publish","type":"post","link":"https:\/\/curva1.com.ar\/?p=7364","title":{"rendered":"Moreno es baja en San Juan y espera la nueva Chevy de Castillo"},"content":{"rendered":"<p><img loading=\"lazy\" decoding=\"async\" class=\"aligncenter size-full wp-image-7365\" alt=\"IMG_20130706_154126\" src=\"http:\/\/www.curva1.com.ar\/wp-content\/uploads\/2013\/07\/IMG_20130706_154126.jpg\" width=\"500\" height=\"281\" srcset=\"https:\/\/curva1.com.ar\/wp-content\/uploads\/2013\/07\/IMG_20130706_154126.jpg 500w, https:\/\/curva1.com.ar\/wp-content\/uploads\/2013\/07\/IMG_20130706_154126-300x169.jpg 300w\" sizes=\"auto, (max-width: 500px) 100vw, 500px\" \/><\/p>\n<p>Ricardo Moreno es una baja casi asegurada en la fecha del zonal cuyano en San Juan.<\/p>\n<p>Ya est\u00e1 confirmada que dejar\u00e1 la Clase 2, pero tampoco podr\u00e1 sumarse al TC Cuyano como era su intenci\u00f3n.<\/p>\n<p><strong>&#8220;Gabriel Castillo compr\u00f3 una Chevy en Buenos Aires, pero el auto no est\u00e1 listo todav\u00eda e incluso el s\u00e1bado era la intenci\u00f3n de probarlo y no se pudo. Por eso, Gabriel seguir\u00e1 corriendo con el Ford y desde la pr\u00f3xima fecha estrenar\u00e1 su auto y yo volver\u00e9 con mi Ford a la categor\u00eda&#8221;<\/strong> Moreno expres\u00f3 a Curva 1.<\/p>\n","protected":false},"excerpt":{"rendered":"<p>Ricardo Moreno es una baja casi asegurada en la fecha del zonal cuyano en San<\/p>\n","protected":false},"author":1,"featured_media":7365,"comment_status":"open","ping_status":"closed","sticky":false,"template":"","format":"standard","meta":{"footnotes":""},"categories":[1],"tags":[],"class_list":["post-7364","post","type-post","status-publish","format-standard","has-post-thumbnail","hentry","category-zonal-cuyano"],"featured_image_urls":{"full":["https:\/\/curva1.com.ar\/wp-content\/uploads\/2013\/07\/IMG_20130706_154126.jpg",500,281,false],"thumbnail":["https:\/\/curva1.com.ar\/wp-content\/uploads\/2013\/07\/IMG_20130706_154126-300x169.jpg",300,169,true],"medium":["https:\/\/curva1.com.ar\/wp-content\/uploads\/2013\/07\/IMG_20130706_154126.jpg",500,281,false],"medium_large":["https:\/\/curva1.com.ar\/wp-content\/uploads\/2013\/07\/IMG_20130706_154126.jpg",500,281,false],"large":["https:\/\/curva1.com.ar\/wp-content\/uploads\/2013\/07\/IMG_20130706_154126.jpg",500,281,false],"1536x1536":["https:\/\/curva1.com.ar\/wp-content\/uploads\/2013\/07\/IMG_20130706_154126.jpg",500,281,false],"2048x2048":["https:\/\/curva1.com.ar\/wp-content\/uploads\/2013\/07\/IMG_20130706_154126.jpg",500,281,false],"chromenews-featured":["https:\/\/curva1.com.ar\/wp-content\/uploads\/2013\/07\/IMG_20130706_154126.jpg",500,281,false],"chromenews-large":["https:\/\/curva1.com.ar\/wp-content\/uploads\/2013\/07\/IMG_20130706_154126.jpg",500,281,false],"chromenews-medium":["https:\/\/curva1.com.ar\/wp-content\/uploads\/2013\/07\/IMG_20130706_154126.jpg",500,281,false]},"author_info":{"display_name":"Jos\u00e9 Bravo","author_link":"https:\/\/curva1.com.ar\/?author=1"},"category_info":"<a href=\"https:\/\/curva1.com.ar\/?cat=1\" rel=\"category\">Zonal Cuyano<\/a>","tag_info":"Zonal Cuyano","comment_count":"0","_links":{"self":[{"href":"https:\/\/curva1.com.ar\/index.php?rest_route=\/wp\/v2\/posts\/7364","targetHints":{"allow":["GET"]}}],"collection":[{"href":"https:\/\/curva1.com.ar\/index.php?rest_route=\/wp\/v2\/posts"}],"about":[{"href":"https:\/\/curva1.com.ar\/index.php?rest_route=\/wp\/v2\/types\/post"}],"author":[{"embeddable":true,"href":"https:\/\/curva1.com.ar\/index.php?rest_route=\/wp\/v2\/users\/1"}],"replies":[{"embeddable":true,"href":"https:\/\/curva1.com.ar\/index.php?rest_route=%2Fwp%2Fv2%2Fcomments&post=7364"}],"version-history":[{"count":5,"href":"https:\/\/curva1.com.ar\/index.php?rest_route=\/wp\/v2\/posts\/7364\/revisions"}],"predecessor-version":[{"id":7400,"href":"https:\/\/curva1.com.ar\/index.php?rest_route=\/wp\/v2\/posts\/7364\/revisions\/7400"}],"wp:featuredmedia":[{"embeddable":true,"href":"https:\/\/curva1.com.ar\/index.php?rest_route=\/wp\/v2\/media\/7365"}],"wp:attachment":[{"href":"https:\/\/curva1.com.ar\/index.php?rest_route=%2Fwp%2Fv2%2Fmedia&parent=7364"}],"wp:term":[{"taxonomy":"category","embeddable":true,"href":"https:\/\/curva1.com.ar\/index.php?rest_route=%2Fwp%2Fv2%2Fcategories&post=7364"},{"taxonomy":"post_tag","embeddable":true,"href":"https:\/\/curva1.com.ar\/index.php?rest_route=%2Fwp%2Fv2%2Ftags&post=7364"}],"curies":[{"name":"wp","href":"https:\/\/api.w.org\/{rel}","templated":true}]}}