{"id":7379,"date":"2013-07-07T15:38:23","date_gmt":"2013-07-07T18:38:23","guid":{"rendered":"http:\/\/www.curva1.com.ar\/?p=7379"},"modified":"2013-07-07T15:49:57","modified_gmt":"2013-07-07T18:49:57","slug":"jorge-valenti-agradecio-al-mundo-del-karting-su-colaboracion-para-giovanni","status":"publish","type":"post","link":"https:\/\/curva1.com.ar\/?p=7379","title":{"rendered":"Jorge Valenti agradeci\u00f3 al karting su colaboraci\u00f3n para Giovanni"},"content":{"rendered":"<p><img loading=\"lazy\" decoding=\"async\" class=\"aligncenter size-full wp-image-7380\" alt=\"IMG_9624\" src=\"http:\/\/www.curva1.com.ar\/wp-content\/uploads\/2013\/07\/IMG_9624.jpg\" width=\"499\" height=\"280\" srcset=\"https:\/\/curva1.com.ar\/wp-content\/uploads\/2013\/07\/IMG_9624.jpg 600w, https:\/\/curva1.com.ar\/wp-content\/uploads\/2013\/07\/IMG_9624-300x169.jpg 300w\" sizes=\"auto, (max-width: 499px) 100vw, 499px\" \/><\/p>\n<p>El padre de Giovanni Valenti habl\u00f3 con Curva 1 <strong>&#8220;Estoy agradecido a toda la gente que me brind\u00f3 su apoyo en la carrera del domingo pasado y la que colabor\u00f3 para que me hijo pueda viajar a China, como tambi\u00e9n a la Asociaci\u00f3n de Karting que tuvo la iniciativa de la campa\u00f1a&#8221;.<\/strong><\/p>\n<p>Jorge (<span style=\"color: #808080;\">campe\u00f3n 2011 y subcampe\u00f3n 2012 de la S\u00faper 4 Tiempos<\/span>) debe reunir m\u00e1s de 45 mil d\u00f3lares para realizar un tratamiento de c\u00e9lulas madre en China, para mejorar la calidad de vida de su hijo, Giovanni, que padece par\u00e1lisis cerebral desde su nacimiento.<\/p>\n<p><a href=\"http:\/\/www.curva1.com.ar\/wp-content\/uploads\/2013\/07\/6672_10201374382624417_893470827_n.jpg\"><img loading=\"lazy\" decoding=\"async\" class=\"aligncenter size-medium wp-image-7381\" alt=\"6672_10201374382624417_893470827_n\" src=\"http:\/\/www.curva1.com.ar\/wp-content\/uploads\/2013\/07\/6672_10201374382624417_893470827_n-449x337.jpg\" width=\"449\" height=\"337\" srcset=\"https:\/\/curva1.com.ar\/wp-content\/uploads\/2013\/07\/6672_10201374382624417_893470827_n-449x337.jpg 449w, https:\/\/curva1.com.ar\/wp-content\/uploads\/2013\/07\/6672_10201374382624417_893470827_n-200x150.jpg 200w, https:\/\/curva1.com.ar\/wp-content\/uploads\/2013\/07\/6672_10201374382624417_893470827_n.jpg 960w\" sizes=\"auto, (max-width: 449px) 100vw, 449px\" \/><\/a><\/p>\n","protected":false},"excerpt":{"rendered":"<p>El padre de Giovanni Valenti habl\u00f3 con Curva 1 &#8220;Estoy agradecido a toda la gente<\/p>\n","protected":false},"author":1,"featured_media":7380,"comment_status":"open","ping_status":"closed","sticky":false,"template":"","format":"standard","meta":{"footnotes":""},"categories":[4],"tags":[],"class_list":["post-7379","post","type-post","status-publish","format-standard","has-post-thumbnail","hentry","category-karting"],"featured_image_urls":{"full":["https:\/\/curva1.com.ar\/wp-content\/uploads\/2013\/07\/IMG_9624.jpg",600,337,false],"thumbnail":["https:\/\/curva1.com.ar\/wp-content\/uploads\/2013\/07\/IMG_9624-300x169.jpg",300,169,true],"medium":["https:\/\/curva1.com.ar\/wp-content\/uploads\/2013\/07\/IMG_9624.jpg",600,337,false],"medium_large":["https:\/\/curva1.com.ar\/wp-content\/uploads\/2013\/07\/IMG_9624.jpg",600,337,false],"large":["https:\/\/curva1.com.ar\/wp-content\/uploads\/2013\/07\/IMG_9624.jpg",600,337,false],"1536x1536":["https:\/\/curva1.com.ar\/wp-content\/uploads\/2013\/07\/IMG_9624.jpg",600,337,false],"2048x2048":["https:\/\/curva1.com.ar\/wp-content\/uploads\/2013\/07\/IMG_9624.jpg",600,337,false],"chromenews-featured":["https:\/\/curva1.com.ar\/wp-content\/uploads\/2013\/07\/IMG_9624.jpg",600,337,false],"chromenews-large":["https:\/\/curva1.com.ar\/wp-content\/uploads\/2013\/07\/IMG_9624.jpg",600,337,false],"chromenews-medium":["https:\/\/curva1.com.ar\/wp-content\/uploads\/2013\/07\/IMG_9624.jpg",590,331,false]},"author_info":{"display_name":"Jos\u00e9 Bravo","author_link":"https:\/\/curva1.com.ar\/?author=1"},"category_info":"<a href=\"https:\/\/curva1.com.ar\/?cat=4\" rel=\"category\">Karting Asfalto<\/a>","tag_info":"Karting Asfalto","comment_count":"0","_links":{"self":[{"href":"https:\/\/curva1.com.ar\/index.php?rest_route=\/wp\/v2\/posts\/7379","targetHints":{"allow":["GET"]}}],"collection":[{"href":"https:\/\/curva1.com.ar\/index.php?rest_route=\/wp\/v2\/posts"}],"about":[{"href":"https:\/\/curva1.com.ar\/index.php?rest_route=\/wp\/v2\/types\/post"}],"author":[{"embeddable":true,"href":"https:\/\/curva1.com.ar\/index.php?rest_route=\/wp\/v2\/users\/1"}],"replies":[{"embeddable":true,"href":"https:\/\/curva1.com.ar\/index.php?rest_route=%2Fwp%2Fv2%2Fcomments&post=7379"}],"version-history":[{"count":4,"href":"https:\/\/curva1.com.ar\/index.php?rest_route=\/wp\/v2\/posts\/7379\/revisions"}],"predecessor-version":[{"id":7383,"href":"https:\/\/curva1.com.ar\/index.php?rest_route=\/wp\/v2\/posts\/7379\/revisions\/7383"}],"wp:featuredmedia":[{"embeddable":true,"href":"https:\/\/curva1.com.ar\/index.php?rest_route=\/wp\/v2\/media\/7380"}],"wp:attachment":[{"href":"https:\/\/curva1.com.ar\/index.php?rest_route=%2Fwp%2Fv2%2Fmedia&parent=7379"}],"wp:term":[{"taxonomy":"category","embeddable":true,"href":"https:\/\/curva1.com.ar\/index.php?rest_route=%2Fwp%2Fv2%2Fcategories&post=7379"},{"taxonomy":"post_tag","embeddable":true,"href":"https:\/\/curva1.com.ar\/index.php?rest_route=%2Fwp%2Fv2%2Ftags&post=7379"}],"curies":[{"name":"wp","href":"https:\/\/api.w.org\/{rel}","templated":true}]}}