{"id":7444,"date":"2013-07-09T12:09:12","date_gmt":"2013-07-09T15:09:12","guid":{"rendered":"http:\/\/www.curva1.com.ar\/?p=7444"},"modified":"2013-07-09T12:16:29","modified_gmt":"2013-07-09T15:16:29","slug":"buena-actuacion-del-mendoza-racing-team-en-el-argentino-de-motociclismo-de-velocidad-en-rio-hondo","status":"publish","type":"post","link":"https:\/\/curva1.com.ar\/?p=7444","title":{"rendered":"Buena actuaci\u00f3n del MRT en el Campeonato Argentino de Velocidad en R\u00edo Hondo"},"content":{"rendered":"<figure id=\"attachment_7445\" aria-describedby=\"caption-attachment-7445\" style=\"width: 500px\" class=\"wp-caption aligncenter\"><img loading=\"lazy\" decoding=\"async\" class=\"size-full wp-image-7445\" alt=\"gal-540741\" src=\"http:\/\/www.curva1.com.ar\/wp-content\/uploads\/2013\/07\/gal-540741.jpg\" width=\"500\" height=\"281\" srcset=\"https:\/\/curva1.com.ar\/wp-content\/uploads\/2013\/07\/gal-540741.jpg 500w, https:\/\/curva1.com.ar\/wp-content\/uploads\/2013\/07\/gal-540741-300x169.jpg 300w\" sizes=\"auto, (max-width: 500px) 100vw, 500px\" \/><figcaption id=\"caption-attachment-7445\" class=\"wp-caption-text\">Foto: Curva 1<\/figcaption><\/figure>\n<p><strong>El equipo mendocino cont\u00f3 con cuatro representantes, siendo Lucas Molina el m\u00e1s destacado. Buen labor de los dem\u00e1s pilotos locales.<\/strong><\/p>\n<p>El campeonato Argentino de Motociclismo de Velocidad llev\u00f3 a cabo su quinta fecha en el flamante circuito de Termas de R\u00edo Hondo. La actividad del certamen nacional se desarroll\u00f3 tras los ensayos oficiales que el Moto GP y Moto 2 realiz\u00f3 con vistas al Gran Premio de Argentina de 2014.<\/p>\n<p>En la categor\u00eda Stock Bikes 1.000 cc hubo presencia mendocina ya que cuatro pilotos del Mendoza Racing Team aceleraron en el escenario santiague\u00f1o de 4.805 metros de extensi\u00f3n.<\/p>\n<p><strong>Gran labor de Lucas Molina<br \/>\n<\/strong><br \/>\nEl lujanino Lucas Molina fue el m\u00e1s destacado de la legi\u00f3n debido a que result\u00f3 tercero en clasificaci\u00f3n y finaliz\u00f3 cuarto en la clasificaci\u00f3n general ganada por el misionero Fabi\u00e1n Rosinski con una moto de 600 cc.<\/p>\n<p>Entre los 1000 cc cant\u00f3 victoria el cordob\u00e9s Leonardo Rodr\u00edguez y nuestro representante ocup\u00f3 el \u00faltimo escal\u00f3n del podio.<\/p>\n<p><strong>Destacados de la legi\u00f3n<\/strong><\/p>\n<p>Por su parte, Federico M\u00e1rquez qued\u00f3 22\u00ba en la tanda cronometrada del s\u00e1bado y concluy\u00f3 en la misma posici\u00f3n tras la carrera definitiva.<\/p>\n<p>Armando Vargas fue otro de los representantes del MRT. El oriundo de Guaymall\u00e9n lleg\u00f3 23\u00ba en carrera tras haber sido 25\u00ba en la sesi\u00f3n sabatina.<\/p>\n<p>Por \u00faltimo, el lasherino Jorge Caicedo termin\u00f3 30\u00ba en clasificaci\u00f3n y trep\u00f3 hasta la 20\u00aa posici\u00f3n de la competencia disputada a 10 vueltas.<\/p>\n<p><strong>Otros resultados<br \/>\n<\/strong><br \/>\nLos restantes ganadores fueron: el porte\u00f1o Cristian Ram\u00edrez (S\u00faper Bikes), el rosarino Sergio Y\u00e1\u00f1ez (250 cc 4 Tiempos) y el rafaelino Sebasti\u00e1n Porto (600 S\u00faper Sport).<\/p>\n<p>Lo sorprendente fue la cantidad de inscriptos: hubo 121 competidores entre las cuatro categor\u00edas, siendo la Stock Bikes 1000 cc la m\u00e1s numerosa con 43 pilotos.<\/p>\n<p style=\"padding-left: 30px;\">M\u00e1s Deportes &#8211; Los Andes<\/p>\n","protected":false},"excerpt":{"rendered":"<p>El equipo mendocino cont\u00f3 con cuatro representantes, siendo Lucas Molina el m\u00e1s destacado. Buen labor<\/p>\n","protected":false},"author":1,"featured_media":7445,"comment_status":"open","ping_status":"closed","sticky":false,"template":"","format":"standard","meta":{"footnotes":""},"categories":[10],"tags":[],"class_list":["post-7444","post","type-post","status-publish","format-standard","has-post-thumbnail","hentry","category-motos"],"featured_image_urls":{"full":["https:\/\/curva1.com.ar\/wp-content\/uploads\/2013\/07\/gal-540741.jpg",500,281,false],"thumbnail":["https:\/\/curva1.com.ar\/wp-content\/uploads\/2013\/07\/gal-540741-300x169.jpg",300,169,true],"medium":["https:\/\/curva1.com.ar\/wp-content\/uploads\/2013\/07\/gal-540741.jpg",500,281,false],"medium_large":["https:\/\/curva1.com.ar\/wp-content\/uploads\/2013\/07\/gal-540741.jpg",500,281,false],"large":["https:\/\/curva1.com.ar\/wp-content\/uploads\/2013\/07\/gal-540741.jpg",500,281,false],"1536x1536":["https:\/\/curva1.com.ar\/wp-content\/uploads\/2013\/07\/gal-540741.jpg",500,281,false],"2048x2048":["https:\/\/curva1.com.ar\/wp-content\/uploads\/2013\/07\/gal-540741.jpg",500,281,false],"chromenews-featured":["https:\/\/curva1.com.ar\/wp-content\/uploads\/2013\/07\/gal-540741.jpg",500,281,false],"chromenews-large":["https:\/\/curva1.com.ar\/wp-content\/uploads\/2013\/07\/gal-540741.jpg",500,281,false],"chromenews-medium":["https:\/\/curva1.com.ar\/wp-content\/uploads\/2013\/07\/gal-540741.jpg",500,281,false]},"author_info":{"display_name":"Jos\u00e9 Bravo","author_link":"https:\/\/curva1.com.ar\/?author=1"},"category_info":"<a href=\"https:\/\/curva1.com.ar\/?cat=10\" rel=\"category\">Motos<\/a>","tag_info":"Motos","comment_count":"0","_links":{"self":[{"href":"https:\/\/curva1.com.ar\/index.php?rest_route=\/wp\/v2\/posts\/7444","targetHints":{"allow":["GET"]}}],"collection":[{"href":"https:\/\/curva1.com.ar\/index.php?rest_route=\/wp\/v2\/posts"}],"about":[{"href":"https:\/\/curva1.com.ar\/index.php?rest_route=\/wp\/v2\/types\/post"}],"author":[{"embeddable":true,"href":"https:\/\/curva1.com.ar\/index.php?rest_route=\/wp\/v2\/users\/1"}],"replies":[{"embeddable":true,"href":"https:\/\/curva1.com.ar\/index.php?rest_route=%2Fwp%2Fv2%2Fcomments&post=7444"}],"version-history":[{"count":4,"href":"https:\/\/curva1.com.ar\/index.php?rest_route=\/wp\/v2\/posts\/7444\/revisions"}],"predecessor-version":[{"id":7447,"href":"https:\/\/curva1.com.ar\/index.php?rest_route=\/wp\/v2\/posts\/7444\/revisions\/7447"}],"wp:featuredmedia":[{"embeddable":true,"href":"https:\/\/curva1.com.ar\/index.php?rest_route=\/wp\/v2\/media\/7445"}],"wp:attachment":[{"href":"https:\/\/curva1.com.ar\/index.php?rest_route=%2Fwp%2Fv2%2Fmedia&parent=7444"}],"wp:term":[{"taxonomy":"category","embeddable":true,"href":"https:\/\/curva1.com.ar\/index.php?rest_route=%2Fwp%2Fv2%2Fcategories&post=7444"},{"taxonomy":"post_tag","embeddable":true,"href":"https:\/\/curva1.com.ar\/index.php?rest_route=%2Fwp%2Fv2%2Ftags&post=7444"}],"curies":[{"name":"wp","href":"https:\/\/api.w.org\/{rel}","templated":true}]}}