{"id":7489,"date":"2013-07-10T19:32:18","date_gmt":"2013-07-10T22:32:18","guid":{"rendered":"http:\/\/www.curva1.com.ar\/?p=7489"},"modified":"2013-07-10T19:33:44","modified_gmt":"2013-07-10T22:33:44","slug":"werner-nadie-tiene-relacion-de-amistad-con-su-companero-de-equipo","status":"publish","type":"post","link":"https:\/\/curva1.com.ar\/?p=7489","title":{"rendered":"Werner &#8220;Nadie tiene amistad con su compa\u00f1ero de equipo&#8221;"},"content":{"rendered":"<p><img loading=\"lazy\" decoding=\"async\" class=\"aligncenter size-full wp-image-7490\" alt=\"Werner-Rossi_130710-wpcf_608x298\" src=\"http:\/\/www.curva1.com.ar\/wp-content\/uploads\/2013\/07\/Werner-Rossi_130710-wpcf_608x298.jpg\" width=\"500\" height=\"281\" srcset=\"https:\/\/curva1.com.ar\/wp-content\/uploads\/2013\/07\/Werner-Rossi_130710-wpcf_608x298.jpg 500w, https:\/\/curva1.com.ar\/wp-content\/uploads\/2013\/07\/Werner-Rossi_130710-wpcf_608x298-300x169.jpg 300w\" sizes=\"auto, (max-width: 500px) 100vw, 500px\" \/><\/p>\n<p><b>Lo dijo Mariano Werner, piloto oficial de Toyota en la previa de la sexta fecha del S\u00faper TC2000 que se disputar\u00e1 en el nuevo circuito de Termas de R\u00edo Hondo.<\/b><\/p>\n<p><strong>Mariano Werner<\/strong>, miembro del\u00a0<strong>Toyota Team Argentina<\/strong>, se prepara para enfrentar la nueva fecha que se viene este fin de semana en\u00a0<strong>Termas de R\u00edo Hondo.<\/strong><\/p>\n<p><em>\u201cYa estoy pensando en Termas, es un circuito que quedo espectacular\u201d<\/em>, comenz\u00f3 contando el de\u00a0<strong>Paran\u00e1<\/strong>\u00a0en dialogo con\u00a0<strong>Campeones por Radio Rivadavia AM630<\/strong>.<\/p>\n<p>\u201c<em>Pasamos con el TC pero no conocimos la parte nueva, as\u00ed que estamos con ansiedad de recorrer la parte nueva\u201d<\/em>\u00a0continu\u00f3 diciendo sobre el nuevo circuito que se abri\u00f3 con el paso del\u00a0<strong>MotoGP<\/strong>\u00a0por\u00a0<strong>Argentina<\/strong>.<\/p>\n<p>Hablando estrictamente del auto dijo:\u00a0<em>\u201cCambiamos mucho de carrera a carrera pero no conseguimos funcionar bien\u201d. \u201cEste a\u00f1o tuvimos regularidad pero no el funcionamiento que esper\u00e1bamos. Trabajamos mucho para esta carrera y esperemos cambiar y sumar para poder tener chances de pelear\u201d<\/em>.<\/p>\n<p>Sabido es en el mundo del automovilismo que el primer rival de un piloto es, nada m\u00e1s ni nada menos, que su compa\u00f1ero de equipo. En el caso de Werner,\u00a0<strong>su \u201cprimer rival\u201d es Mat\u00edas Rossi, dominador absoluto del S\u00faper TC2000<\/strong>.<\/p>\n<p>Sin pelos en la lengua, se refiri\u00f3 a la relaci\u00f3n que mantienen los dos hombres del\u00a0<strong>TTA<\/strong>:<em>\u201cHemos tenido roces, el equipo siempre dio libertad y me gusta tener pilotos r\u00e1pidos al lado para poder pelear\u201d<\/em>, sostuvo.\u00a0<em>\u201cNing\u00fan compa\u00f1ero de equipo tiene relaci\u00f3n de amistad con su compa\u00f1ero, lo que existe es s\u00f3lo una relaci\u00f3n laboral. Al primero se le quiere ganar es al compa\u00f1ero de equipo\u201d<\/em>.<\/p>\n<p>M\u00e1s all\u00e1 de su relaci\u00f3n,\u00a0<strong>Toyota<\/strong>\u00a0siempre confi\u00f3 en \u00e9l y le dio libertad. Ahora de cara a futuro Mariano analizar\u00e1 la situaci\u00f3n.\u00a0<em>\u201cEn Septiembre se piensa en lo que va a pasar el a\u00f1o siguiente. Toyota me dio siempre lo mejor y me siento bien dentro de la marca\u201d<\/em>, finaliz\u00f3.<\/p>\n<blockquote><p><a href=\"http:\/\/www.campeonesnet.com.ar\/wp-content\/uploads\/2013\/07\/100713_werner_campeones.mp3\" target=\"_blank\"><strong>Escuch\u00e1 la nota completa realizada en Campeones<\/strong><\/a><\/p><\/blockquote>\n<p>&nbsp;<\/p>\n","protected":false},"excerpt":{"rendered":"<p>Lo dijo Mariano Werner, piloto oficial de Toyota en la previa de la sexta fecha<\/p>\n","protected":false},"author":1,"featured_media":7490,"comment_status":"open","ping_status":"closed","sticky":false,"template":"","format":"standard","meta":{"footnotes":""},"categories":[6],"tags":[],"class_list":["post-7489","post","type-post","status-publish","format-standard","has-post-thumbnail","hentry","category-nacionales"],"featured_image_urls":{"full":["https:\/\/curva1.com.ar\/wp-content\/uploads\/2013\/07\/Werner-Rossi_130710-wpcf_608x298.jpg",500,281,false],"thumbnail":["https:\/\/curva1.com.ar\/wp-content\/uploads\/2013\/07\/Werner-Rossi_130710-wpcf_608x298-300x169.jpg",300,169,true],"medium":["https:\/\/curva1.com.ar\/wp-content\/uploads\/2013\/07\/Werner-Rossi_130710-wpcf_608x298.jpg",500,281,false],"medium_large":["https:\/\/curva1.com.ar\/wp-content\/uploads\/2013\/07\/Werner-Rossi_130710-wpcf_608x298.jpg",500,281,false],"large":["https:\/\/curva1.com.ar\/wp-content\/uploads\/2013\/07\/Werner-Rossi_130710-wpcf_608x298.jpg",500,281,false],"1536x1536":["https:\/\/curva1.com.ar\/wp-content\/uploads\/2013\/07\/Werner-Rossi_130710-wpcf_608x298.jpg",500,281,false],"2048x2048":["https:\/\/curva1.com.ar\/wp-content\/uploads\/2013\/07\/Werner-Rossi_130710-wpcf_608x298.jpg",500,281,false],"chromenews-featured":["https:\/\/curva1.com.ar\/wp-content\/uploads\/2013\/07\/Werner-Rossi_130710-wpcf_608x298.jpg",500,281,false],"chromenews-large":["https:\/\/curva1.com.ar\/wp-content\/uploads\/2013\/07\/Werner-Rossi_130710-wpcf_608x298.jpg",500,281,false],"chromenews-medium":["https:\/\/curva1.com.ar\/wp-content\/uploads\/2013\/07\/Werner-Rossi_130710-wpcf_608x298.jpg",500,281,false]},"author_info":{"display_name":"Jos\u00e9 Bravo","author_link":"https:\/\/curva1.com.ar\/?author=1"},"category_info":"<a href=\"https:\/\/curva1.com.ar\/?cat=6\" rel=\"category\">Nacionales<\/a>","tag_info":"Nacionales","comment_count":"0","_links":{"self":[{"href":"https:\/\/curva1.com.ar\/index.php?rest_route=\/wp\/v2\/posts\/7489","targetHints":{"allow":["GET"]}}],"collection":[{"href":"https:\/\/curva1.com.ar\/index.php?rest_route=\/wp\/v2\/posts"}],"about":[{"href":"https:\/\/curva1.com.ar\/index.php?rest_route=\/wp\/v2\/types\/post"}],"author":[{"embeddable":true,"href":"https:\/\/curva1.com.ar\/index.php?rest_route=\/wp\/v2\/users\/1"}],"replies":[{"embeddable":true,"href":"https:\/\/curva1.com.ar\/index.php?rest_route=%2Fwp%2Fv2%2Fcomments&post=7489"}],"version-history":[{"count":3,"href":"https:\/\/curva1.com.ar\/index.php?rest_route=\/wp\/v2\/posts\/7489\/revisions"}],"predecessor-version":[{"id":7492,"href":"https:\/\/curva1.com.ar\/index.php?rest_route=\/wp\/v2\/posts\/7489\/revisions\/7492"}],"wp:featuredmedia":[{"embeddable":true,"href":"https:\/\/curva1.com.ar\/index.php?rest_route=\/wp\/v2\/media\/7490"}],"wp:attachment":[{"href":"https:\/\/curva1.com.ar\/index.php?rest_route=%2Fwp%2Fv2%2Fmedia&parent=7489"}],"wp:term":[{"taxonomy":"category","embeddable":true,"href":"https:\/\/curva1.com.ar\/index.php?rest_route=%2Fwp%2Fv2%2Fcategories&post=7489"},{"taxonomy":"post_tag","embeddable":true,"href":"https:\/\/curva1.com.ar\/index.php?rest_route=%2Fwp%2Fv2%2Ftags&post=7489"}],"curies":[{"name":"wp","href":"https:\/\/api.w.org\/{rel}","templated":true}]}}