{"id":7494,"date":"2013-07-10T21:13:02","date_gmt":"2013-07-11T00:13:02","guid":{"rendered":"http:\/\/www.curva1.com.ar\/?p=7494"},"modified":"2013-07-10T21:13:02","modified_gmt":"2013-07-11T00:13:02","slug":"julian-santero-hizo-la-previa-de-termas-por-campeones-radio","status":"publish","type":"post","link":"https:\/\/curva1.com.ar\/?p=7494","title":{"rendered":"Juli\u00e1n Santero hizo la previa de Termas por Campeones Radio"},"content":{"rendered":"<p><img loading=\"lazy\" decoding=\"async\" class=\"aligncenter size-full wp-image-7495\" alt=\"JulianSantero130710-wpcf_608x419\" src=\"http:\/\/www.curva1.com.ar\/wp-content\/uploads\/2013\/07\/JulianSantero130710-wpcf_608x419.jpg\" width=\"500\" height=\"281\" srcset=\"https:\/\/curva1.com.ar\/wp-content\/uploads\/2013\/07\/JulianSantero130710-wpcf_608x419.jpg 500w, https:\/\/curva1.com.ar\/wp-content\/uploads\/2013\/07\/JulianSantero130710-wpcf_608x419-300x169.jpg 300w\" sizes=\"auto, (max-width: 500px) 100vw, 500px\" \/><\/p>\n<p><b>Antes de viajar hacia Termas de R\u00edo Hondo Juli\u00e1n Santero pas\u00f3 por Campeones y cont\u00f3 c\u00f3mo viene con la preparaci\u00f3n para la pr\u00f3xima fecha de la F\u00f3rmula Renault 2.0.<\/b><\/p>\n<p style=\"padding-left: 30px;\"><a href=\"http:\/\/www.campeonesnet.com.ar\/wp-content\/uploads\/2013\/07\/10-07-SANTERO-JULIAN.mp3\" target=\"_blank\"><strong>Escuch\u00e1 la nota completa<\/strong><\/a><\/p>\n<p>Julian Santero\u00a0es el claro dominador de la\u00a0F\u00f3rmula Renault 2.0\u00a0en este 2013.<\/p>\n<p>El mendocino conf\u00eda en el rendimiento de su coche, es por eso que no modificaron nada con respecto a la \u00faltima competici\u00f3n.<\/p>\n<p><strong><em>\u201cVamos a ir en busca de la victoria y si no se puede queremos sumar muchos puntos para el campeonato y manejar la ventaja\u201d<\/em><\/strong>, explic\u00f3.<\/p>\n","protected":false},"excerpt":{"rendered":"<p>Antes de viajar hacia Termas de R\u00edo Hondo Juli\u00e1n Santero pas\u00f3 por Campeones y cont\u00f3<\/p>\n","protected":false},"author":1,"featured_media":7495,"comment_status":"open","ping_status":"closed","sticky":false,"template":"","format":"standard","meta":{"footnotes":""},"categories":[1],"tags":[],"class_list":["post-7494","post","type-post","status-publish","format-standard","has-post-thumbnail","hentry","category-zonal-cuyano"],"featured_image_urls":{"full":["https:\/\/curva1.com.ar\/wp-content\/uploads\/2013\/07\/JulianSantero130710-wpcf_608x419.jpg",500,281,false],"thumbnail":["https:\/\/curva1.com.ar\/wp-content\/uploads\/2013\/07\/JulianSantero130710-wpcf_608x419-300x169.jpg",300,169,true],"medium":["https:\/\/curva1.com.ar\/wp-content\/uploads\/2013\/07\/JulianSantero130710-wpcf_608x419.jpg",500,281,false],"medium_large":["https:\/\/curva1.com.ar\/wp-content\/uploads\/2013\/07\/JulianSantero130710-wpcf_608x419.jpg",500,281,false],"large":["https:\/\/curva1.com.ar\/wp-content\/uploads\/2013\/07\/JulianSantero130710-wpcf_608x419.jpg",500,281,false],"1536x1536":["https:\/\/curva1.com.ar\/wp-content\/uploads\/2013\/07\/JulianSantero130710-wpcf_608x419.jpg",500,281,false],"2048x2048":["https:\/\/curva1.com.ar\/wp-content\/uploads\/2013\/07\/JulianSantero130710-wpcf_608x419.jpg",500,281,false],"chromenews-featured":["https:\/\/curva1.com.ar\/wp-content\/uploads\/2013\/07\/JulianSantero130710-wpcf_608x419.jpg",500,281,false],"chromenews-large":["https:\/\/curva1.com.ar\/wp-content\/uploads\/2013\/07\/JulianSantero130710-wpcf_608x419.jpg",500,281,false],"chromenews-medium":["https:\/\/curva1.com.ar\/wp-content\/uploads\/2013\/07\/JulianSantero130710-wpcf_608x419.jpg",500,281,false]},"author_info":{"display_name":"Jos\u00e9 Bravo","author_link":"https:\/\/curva1.com.ar\/?author=1"},"category_info":"<a href=\"https:\/\/curva1.com.ar\/?cat=1\" rel=\"category\">Zonal Cuyano<\/a>","tag_info":"Zonal Cuyano","comment_count":"0","_links":{"self":[{"href":"https:\/\/curva1.com.ar\/index.php?rest_route=\/wp\/v2\/posts\/7494","targetHints":{"allow":["GET"]}}],"collection":[{"href":"https:\/\/curva1.com.ar\/index.php?rest_route=\/wp\/v2\/posts"}],"about":[{"href":"https:\/\/curva1.com.ar\/index.php?rest_route=\/wp\/v2\/types\/post"}],"author":[{"embeddable":true,"href":"https:\/\/curva1.com.ar\/index.php?rest_route=\/wp\/v2\/users\/1"}],"replies":[{"embeddable":true,"href":"https:\/\/curva1.com.ar\/index.php?rest_route=%2Fwp%2Fv2%2Fcomments&post=7494"}],"version-history":[{"count":2,"href":"https:\/\/curva1.com.ar\/index.php?rest_route=\/wp\/v2\/posts\/7494\/revisions"}],"predecessor-version":[{"id":7497,"href":"https:\/\/curva1.com.ar\/index.php?rest_route=\/wp\/v2\/posts\/7494\/revisions\/7497"}],"wp:featuredmedia":[{"embeddable":true,"href":"https:\/\/curva1.com.ar\/index.php?rest_route=\/wp\/v2\/media\/7495"}],"wp:attachment":[{"href":"https:\/\/curva1.com.ar\/index.php?rest_route=%2Fwp%2Fv2%2Fmedia&parent=7494"}],"wp:term":[{"taxonomy":"category","embeddable":true,"href":"https:\/\/curva1.com.ar\/index.php?rest_route=%2Fwp%2Fv2%2Fcategories&post=7494"},{"taxonomy":"post_tag","embeddable":true,"href":"https:\/\/curva1.com.ar\/index.php?rest_route=%2Fwp%2Fv2%2Ftags&post=7494"}],"curies":[{"name":"wp","href":"https:\/\/api.w.org\/{rel}","templated":true}]}}