{"id":7531,"date":"2013-07-11T18:20:05","date_gmt":"2013-07-11T21:20:05","guid":{"rendered":"http:\/\/www.curva1.com.ar\/?p=7531"},"modified":"2013-07-11T18:20:05","modified_gmt":"2013-07-11T21:20:05","slug":"lautaro-estrada-comenzara-a-conocer-la-formula-renault-2-0","status":"publish","type":"post","link":"https:\/\/curva1.com.ar\/?p=7531","title":{"rendered":"Lautaro Estrada comenzar\u00e1 a conocer la F\u00f3rmula Renault 2.0"},"content":{"rendered":"<p><img loading=\"lazy\" decoding=\"async\" class=\"aligncenter size-full wp-image-7532\" alt=\"catfafas\" src=\"http:\/\/www.curva1.com.ar\/wp-content\/uploads\/2013\/07\/catfafas.jpg\" width=\"500\" height=\"281\" srcset=\"https:\/\/curva1.com.ar\/wp-content\/uploads\/2013\/07\/catfafas.jpg 500w, https:\/\/curva1.com.ar\/wp-content\/uploads\/2013\/07\/catfafas-300x169.jpg 300w\" sizes=\"auto, (max-width: 500px) 100vw, 500px\" \/><\/p>\n<p>Lautaro Estrada formar\u00e1 parte del equipo que prepara el auto de Marcelo Ciarrochi\u00a0 para la categor\u00eda Formula Renault 2.0. Este viernes viaja a Termas de Rio Hondo para sumarse al resto de su team.<\/p>\n<p>El mendocino confirm\u00f3 que no solo seguir\u00e1 siendo piloto del equipo Croizet Racing el a\u00f1o siguiente , sino que adem\u00e1s, formar\u00e1 parte la estructura que atiende el auto de Marcelo Ciarrochi (protagonista de la F\u00f3rmula Renault 2.0 ) del mismo team que Lautaro. Su\u00a0 tarea como colaborador comenzara este fin de semana en Termas de Rio Hondo, donde se disputar\u00e1 la 6ta fecha de esta categor\u00eda.<\/p>\n<p>El pedido para que Lautaro participe del team fuera de la pista, fue exclusivo de los propietarios de Croizet racing: <strong>\u201cla idea es que Lautaro se familiarice con la categor\u00eda y\u00a0 que tambi\u00e9n conozca \u00a0los aut\u00f3dromos para mejorar su desempe\u00f1o como piloto\u201d,<\/strong> dijo Juli\u00e1n Croizet uno de los due\u00f1os del team.<\/p>\n<p>El bocha estar\u00e1 viajando rumbo a Santiago del Estero este viernes para ponerse a disposici\u00f3n de Croizet\u00a0 y comenzar esta nueva etapa en su carrera.<\/p>\n","protected":false},"excerpt":{"rendered":"<p>Lautaro Estrada formar\u00e1 parte del equipo que prepara el auto de Marcelo Ciarrochi\u00a0 para la<\/p>\n","protected":false},"author":1,"featured_media":7532,"comment_status":"open","ping_status":"closed","sticky":false,"template":"","format":"standard","meta":{"footnotes":""},"categories":[6],"tags":[],"class_list":["post-7531","post","type-post","status-publish","format-standard","has-post-thumbnail","hentry","category-nacionales"],"featured_image_urls":{"full":["https:\/\/curva1.com.ar\/wp-content\/uploads\/2013\/07\/catfafas.jpg",500,281,false],"thumbnail":["https:\/\/curva1.com.ar\/wp-content\/uploads\/2013\/07\/catfafas-300x169.jpg",300,169,true],"medium":["https:\/\/curva1.com.ar\/wp-content\/uploads\/2013\/07\/catfafas.jpg",500,281,false],"medium_large":["https:\/\/curva1.com.ar\/wp-content\/uploads\/2013\/07\/catfafas.jpg",500,281,false],"large":["https:\/\/curva1.com.ar\/wp-content\/uploads\/2013\/07\/catfafas.jpg",500,281,false],"1536x1536":["https:\/\/curva1.com.ar\/wp-content\/uploads\/2013\/07\/catfafas.jpg",500,281,false],"2048x2048":["https:\/\/curva1.com.ar\/wp-content\/uploads\/2013\/07\/catfafas.jpg",500,281,false],"chromenews-featured":["https:\/\/curva1.com.ar\/wp-content\/uploads\/2013\/07\/catfafas.jpg",500,281,false],"chromenews-large":["https:\/\/curva1.com.ar\/wp-content\/uploads\/2013\/07\/catfafas.jpg",500,281,false],"chromenews-medium":["https:\/\/curva1.com.ar\/wp-content\/uploads\/2013\/07\/catfafas.jpg",500,281,false]},"author_info":{"display_name":"Jos\u00e9 Bravo","author_link":"https:\/\/curva1.com.ar\/?author=1"},"category_info":"<a href=\"https:\/\/curva1.com.ar\/?cat=6\" rel=\"category\">Nacionales<\/a>","tag_info":"Nacionales","comment_count":"0","_links":{"self":[{"href":"https:\/\/curva1.com.ar\/index.php?rest_route=\/wp\/v2\/posts\/7531","targetHints":{"allow":["GET"]}}],"collection":[{"href":"https:\/\/curva1.com.ar\/index.php?rest_route=\/wp\/v2\/posts"}],"about":[{"href":"https:\/\/curva1.com.ar\/index.php?rest_route=\/wp\/v2\/types\/post"}],"author":[{"embeddable":true,"href":"https:\/\/curva1.com.ar\/index.php?rest_route=\/wp\/v2\/users\/1"}],"replies":[{"embeddable":true,"href":"https:\/\/curva1.com.ar\/index.php?rest_route=%2Fwp%2Fv2%2Fcomments&post=7531"}],"version-history":[{"count":1,"href":"https:\/\/curva1.com.ar\/index.php?rest_route=\/wp\/v2\/posts\/7531\/revisions"}],"predecessor-version":[{"id":7533,"href":"https:\/\/curva1.com.ar\/index.php?rest_route=\/wp\/v2\/posts\/7531\/revisions\/7533"}],"wp:featuredmedia":[{"embeddable":true,"href":"https:\/\/curva1.com.ar\/index.php?rest_route=\/wp\/v2\/media\/7532"}],"wp:attachment":[{"href":"https:\/\/curva1.com.ar\/index.php?rest_route=%2Fwp%2Fv2%2Fmedia&parent=7531"}],"wp:term":[{"taxonomy":"category","embeddable":true,"href":"https:\/\/curva1.com.ar\/index.php?rest_route=%2Fwp%2Fv2%2Fcategories&post=7531"},{"taxonomy":"post_tag","embeddable":true,"href":"https:\/\/curva1.com.ar\/index.php?rest_route=%2Fwp%2Fv2%2Ftags&post=7531"}],"curies":[{"name":"wp","href":"https:\/\/api.w.org\/{rel}","templated":true}]}}