{"id":7534,"date":"2013-07-12T17:01:23","date_gmt":"2013-07-12T20:01:23","guid":{"rendered":"http:\/\/www.curva1.com.ar\/?p=7534"},"modified":"2013-07-12T17:08:52","modified_gmt":"2013-07-12T20:08:52","slug":"quienes-fueron-protagonistas-en-la-ultima-carrera-del-2012-en-san-juan","status":"publish","type":"post","link":"https:\/\/curva1.com.ar\/?p=7534","title":{"rendered":"Los que fueron protagonistas en la \u00faltima carrera en San Juan"},"content":{"rendered":"<p><img loading=\"lazy\" decoding=\"async\" class=\"aligncenter size-full wp-image-7536\" alt=\"ZON09-39\" src=\"http:\/\/www.curva1.com.ar\/wp-content\/uploads\/2013\/07\/ZON09-39.jpg\" width=\"500\" height=\"281\" srcset=\"https:\/\/curva1.com.ar\/wp-content\/uploads\/2013\/07\/ZON09-39.jpg 500w, https:\/\/curva1.com.ar\/wp-content\/uploads\/2013\/07\/ZON09-39-300x169.jpg 300w\" sizes=\"auto, (max-width: 500px) 100vw, 500px\" \/><\/p>\n<p>A continuaci\u00f3n mostramos los podios que se dieron en la \u00faltima visita del Zonal Cuyano al aut\u00f3dromo de San Juan, en la temporada 2012.<\/p>\n<p><strong>CLASE 1<\/strong><\/p>\n<p style=\"padding-left: 30px;\">1-Fernando PERSIA<br \/>\n2-Carlos SANTAHELLA<br \/>\n3-Damian QUIROGA<\/p>\n<p><strong>TC CUYANO<\/strong><\/p>\n<p style=\"padding-left: 30px;\">1-Luis Maggini<br \/>\n2-Ivan VECHETTI<br \/>\n3-Gerardo MARTIN<\/p>\n<p><strong>TURISMO PISTA 1100<\/strong><\/p>\n<p style=\"padding-left: 30px;\">1-Omar MARICH<br \/>\n2-Agustin DE LA LLANA<br \/>\n3-Mart\u00edn FIGUEROA<\/p>\n<p><strong>CLASE 2<\/strong><\/p>\n<p style=\"padding-left: 30px;\">1-Nicolas MAURI<br \/>\n2-Gustavo SANTIBA\u00d1EZ<br \/>\n3-Pablo MALIZIA<\/p>\n","protected":false},"excerpt":{"rendered":"<p>A continuaci\u00f3n mostramos los podios que se dieron en la \u00faltima visita del Zonal Cuyano<\/p>\n","protected":false},"author":1,"featured_media":7536,"comment_status":"open","ping_status":"closed","sticky":false,"template":"","format":"standard","meta":{"footnotes":""},"categories":[1],"tags":[],"class_list":["post-7534","post","type-post","status-publish","format-standard","has-post-thumbnail","hentry","category-zonal-cuyano"],"featured_image_urls":{"full":["https:\/\/curva1.com.ar\/wp-content\/uploads\/2013\/07\/ZON09-39.jpg",500,281,false],"thumbnail":["https:\/\/curva1.com.ar\/wp-content\/uploads\/2013\/07\/ZON09-39-300x169.jpg",300,169,true],"medium":["https:\/\/curva1.com.ar\/wp-content\/uploads\/2013\/07\/ZON09-39.jpg",500,281,false],"medium_large":["https:\/\/curva1.com.ar\/wp-content\/uploads\/2013\/07\/ZON09-39.jpg",500,281,false],"large":["https:\/\/curva1.com.ar\/wp-content\/uploads\/2013\/07\/ZON09-39.jpg",500,281,false],"1536x1536":["https:\/\/curva1.com.ar\/wp-content\/uploads\/2013\/07\/ZON09-39.jpg",500,281,false],"2048x2048":["https:\/\/curva1.com.ar\/wp-content\/uploads\/2013\/07\/ZON09-39.jpg",500,281,false],"chromenews-featured":["https:\/\/curva1.com.ar\/wp-content\/uploads\/2013\/07\/ZON09-39.jpg",500,281,false],"chromenews-large":["https:\/\/curva1.com.ar\/wp-content\/uploads\/2013\/07\/ZON09-39.jpg",500,281,false],"chromenews-medium":["https:\/\/curva1.com.ar\/wp-content\/uploads\/2013\/07\/ZON09-39.jpg",500,281,false]},"author_info":{"display_name":"Jos\u00e9 Bravo","author_link":"https:\/\/curva1.com.ar\/?author=1"},"category_info":"<a href=\"https:\/\/curva1.com.ar\/?cat=1\" rel=\"category\">Zonal Cuyano<\/a>","tag_info":"Zonal Cuyano","comment_count":"0","_links":{"self":[{"href":"https:\/\/curva1.com.ar\/index.php?rest_route=\/wp\/v2\/posts\/7534","targetHints":{"allow":["GET"]}}],"collection":[{"href":"https:\/\/curva1.com.ar\/index.php?rest_route=\/wp\/v2\/posts"}],"about":[{"href":"https:\/\/curva1.com.ar\/index.php?rest_route=\/wp\/v2\/types\/post"}],"author":[{"embeddable":true,"href":"https:\/\/curva1.com.ar\/index.php?rest_route=\/wp\/v2\/users\/1"}],"replies":[{"embeddable":true,"href":"https:\/\/curva1.com.ar\/index.php?rest_route=%2Fwp%2Fv2%2Fcomments&post=7534"}],"version-history":[{"count":6,"href":"https:\/\/curva1.com.ar\/index.php?rest_route=\/wp\/v2\/posts\/7534\/revisions"}],"predecessor-version":[{"id":7570,"href":"https:\/\/curva1.com.ar\/index.php?rest_route=\/wp\/v2\/posts\/7534\/revisions\/7570"}],"wp:featuredmedia":[{"embeddable":true,"href":"https:\/\/curva1.com.ar\/index.php?rest_route=\/wp\/v2\/media\/7536"}],"wp:attachment":[{"href":"https:\/\/curva1.com.ar\/index.php?rest_route=%2Fwp%2Fv2%2Fmedia&parent=7534"}],"wp:term":[{"taxonomy":"category","embeddable":true,"href":"https:\/\/curva1.com.ar\/index.php?rest_route=%2Fwp%2Fv2%2Fcategories&post=7534"},{"taxonomy":"post_tag","embeddable":true,"href":"https:\/\/curva1.com.ar\/index.php?rest_route=%2Fwp%2Fv2%2Ftags&post=7534"}],"curies":[{"name":"wp","href":"https:\/\/api.w.org\/{rel}","templated":true}]}}