{"id":7551,"date":"2013-07-11T23:52:53","date_gmt":"2013-07-12T02:52:53","guid":{"rendered":"http:\/\/www.curva1.com.ar\/?p=7551"},"modified":"2013-07-11T23:55:16","modified_gmt":"2013-07-12T02:55:16","slug":"mas-bajas-que-ingresos-en-la-categoria-clase-2-del-zonal-en-san-juan","status":"publish","type":"post","link":"https:\/\/curva1.com.ar\/?p=7551","title":{"rendered":"M\u00e1s bajas que ingresos en la categor\u00eda Clase 2 en San Juan"},"content":{"rendered":"<p><img loading=\"lazy\" decoding=\"async\" class=\"aligncenter size-full wp-image-7552\" alt=\"GEDSC DIGITAL CAMERA\" src=\"http:\/\/www.curva1.com.ar\/wp-content\/uploads\/2013\/07\/GEDC0239.jpg\" width=\"500\" height=\"281\" srcset=\"https:\/\/curva1.com.ar\/wp-content\/uploads\/2013\/07\/GEDC0239.jpg 500w, https:\/\/curva1.com.ar\/wp-content\/uploads\/2013\/07\/GEDC0239-300x169.jpg 300w\" sizes=\"auto, (max-width: 500px) 100vw, 500px\" \/><\/p>\n<p>Uno regreso es el del &#8220;Pelado&#8221; Santib\u00e1\u00f1ez, que estar\u00e1 presente en El Zonda este fin de semana, a bordo de su VW Gol.<\/p>\n<p>Una baja es Pepe Torrent, que solamente correr\u00e1 con el Fiat Uno de la Promocional 1.4. Tampoco estar\u00e1 Lu\u00eds Mathon que se baj\u00f3 a \u00faltimo momento.<\/p>\n<p>Uno m\u00e1s que se baja para esta carrera es Crisp\u00edn D\u00edaz y otro es Ricardo Moreno, al igual que Fernando Egea con su Palio, que coment\u00f3 a Curva 1 que no ir\u00e1 a la Quebrada Rugiente.<\/p>\n","protected":false},"excerpt":{"rendered":"<p>Uno regreso es el del &#8220;Pelado&#8221; Santib\u00e1\u00f1ez, que estar\u00e1 presente en El Zonda este fin<\/p>\n","protected":false},"author":1,"featured_media":7552,"comment_status":"open","ping_status":"closed","sticky":false,"template":"","format":"standard","meta":{"footnotes":""},"categories":[1],"tags":[],"class_list":["post-7551","post","type-post","status-publish","format-standard","has-post-thumbnail","hentry","category-zonal-cuyano"],"featured_image_urls":{"full":["https:\/\/curva1.com.ar\/wp-content\/uploads\/2013\/07\/GEDC0239.jpg",500,281,false],"thumbnail":["https:\/\/curva1.com.ar\/wp-content\/uploads\/2013\/07\/GEDC0239-300x169.jpg",300,169,true],"medium":["https:\/\/curva1.com.ar\/wp-content\/uploads\/2013\/07\/GEDC0239.jpg",500,281,false],"medium_large":["https:\/\/curva1.com.ar\/wp-content\/uploads\/2013\/07\/GEDC0239.jpg",500,281,false],"large":["https:\/\/curva1.com.ar\/wp-content\/uploads\/2013\/07\/GEDC0239.jpg",500,281,false],"1536x1536":["https:\/\/curva1.com.ar\/wp-content\/uploads\/2013\/07\/GEDC0239.jpg",500,281,false],"2048x2048":["https:\/\/curva1.com.ar\/wp-content\/uploads\/2013\/07\/GEDC0239.jpg",500,281,false],"chromenews-featured":["https:\/\/curva1.com.ar\/wp-content\/uploads\/2013\/07\/GEDC0239.jpg",500,281,false],"chromenews-large":["https:\/\/curva1.com.ar\/wp-content\/uploads\/2013\/07\/GEDC0239.jpg",500,281,false],"chromenews-medium":["https:\/\/curva1.com.ar\/wp-content\/uploads\/2013\/07\/GEDC0239.jpg",500,281,false]},"author_info":{"display_name":"Jos\u00e9 Bravo","author_link":"https:\/\/curva1.com.ar\/?author=1"},"category_info":"<a href=\"https:\/\/curva1.com.ar\/?cat=1\" rel=\"category\">Zonal Cuyano<\/a>","tag_info":"Zonal Cuyano","comment_count":"0","_links":{"self":[{"href":"https:\/\/curva1.com.ar\/index.php?rest_route=\/wp\/v2\/posts\/7551","targetHints":{"allow":["GET"]}}],"collection":[{"href":"https:\/\/curva1.com.ar\/index.php?rest_route=\/wp\/v2\/posts"}],"about":[{"href":"https:\/\/curva1.com.ar\/index.php?rest_route=\/wp\/v2\/types\/post"}],"author":[{"embeddable":true,"href":"https:\/\/curva1.com.ar\/index.php?rest_route=\/wp\/v2\/users\/1"}],"replies":[{"embeddable":true,"href":"https:\/\/curva1.com.ar\/index.php?rest_route=%2Fwp%2Fv2%2Fcomments&post=7551"}],"version-history":[{"count":5,"href":"https:\/\/curva1.com.ar\/index.php?rest_route=\/wp\/v2\/posts\/7551\/revisions"}],"predecessor-version":[{"id":7555,"href":"https:\/\/curva1.com.ar\/index.php?rest_route=\/wp\/v2\/posts\/7551\/revisions\/7555"}],"wp:featuredmedia":[{"embeddable":true,"href":"https:\/\/curva1.com.ar\/index.php?rest_route=\/wp\/v2\/media\/7552"}],"wp:attachment":[{"href":"https:\/\/curva1.com.ar\/index.php?rest_route=%2Fwp%2Fv2%2Fmedia&parent=7551"}],"wp:term":[{"taxonomy":"category","embeddable":true,"href":"https:\/\/curva1.com.ar\/index.php?rest_route=%2Fwp%2Fv2%2Fcategories&post=7551"},{"taxonomy":"post_tag","embeddable":true,"href":"https:\/\/curva1.com.ar\/index.php?rest_route=%2Fwp%2Fv2%2Ftags&post=7551"}],"curies":[{"name":"wp","href":"https:\/\/api.w.org\/{rel}","templated":true}]}}