{"id":7574,"date":"2013-07-13T10:58:41","date_gmt":"2013-07-13T13:58:41","guid":{"rendered":"http:\/\/www.curva1.com.ar\/?p=7574"},"modified":"2013-07-13T13:30:08","modified_gmt":"2013-07-13T16:30:08","slug":"san-martin-recibira-al-super-tc2000-y-octubre-sera-a-toda-velocidad","status":"publish","type":"post","link":"https:\/\/curva1.com.ar\/?p=7574","title":{"rendered":"San Mart\u00edn recibir\u00e1 al S\u00faper TC2000 en octubre y habr\u00e1 m\u00e1s"},"content":{"rendered":"<p><img loading=\"lazy\" decoding=\"async\" class=\"aligncenter size-full wp-image-7575\" alt=\"0125\" src=\"http:\/\/www.curva1.com.ar\/wp-content\/uploads\/2013\/07\/0125.jpg\" width=\"500\" height=\"281\" srcset=\"https:\/\/curva1.com.ar\/wp-content\/uploads\/2013\/07\/0125.jpg 500w, https:\/\/curva1.com.ar\/wp-content\/uploads\/2013\/07\/0125-300x169.jpg 300w\" sizes=\"auto, (max-width: 500px) 100vw, 500px\" \/><\/p>\n<p>La noticia se conoci\u00f3 en las \u00faltimas horas de ayer y ma\u00f1ana de hoy s\u00e1bado, siempre a trav\u00e9s de la redes sociales y esperando ser oficializada en la web del S\u00faper TC2000.<\/p>\n<p>La categor\u00eda m\u00e1s tecnol\u00f3gica del pa\u00eds volver\u00e1 una vez m\u00e1s, y como todos los a\u00f1os, al aut\u00f3dromo Ciudad de San Mart\u00edn. La cita ser\u00e1 el 5 y 6 de octubre.<\/p>\n<blockquote class=\"twitter-tweet\"><p>Con la conformaci\u00f3n de que el STC2000 viene a Mza el 5 y 6 de octubre queda en duda la presencia del TC2000 (prevista una semana despu\u00e9s)&#8230;<\/p>\n<p>\u2014 Franco Ballabriga (@FranBallabriga) <a href=\"https:\/\/twitter.com\/FranBallabriga\/statuses\/355884881735200768\">July 13, 2013<\/a><\/p><\/blockquote>\n<p>&nbsp;<\/p>\n<blockquote class=\"twitter-tweet\"><p>Plin caja&#8230;..Mendoza adentro 6 Octubre ser\u00e1 visitado el Aut\u00f3dromo Ciudad Gral.San Mart\u00edn. <a href=\"http:\/\/t.co\/hY8qGhxLqK\">pic.twitter.com\/hY8qGhxLqK<\/a><\/p>\n<p>\u2014 C.Santomauro (@cesarsantomauro) <a href=\"https:\/\/twitter.com\/cesarsantomauro\/statuses\/356032924975525888\">July 13, 2013<\/a><\/p><\/blockquote>\n<p>&nbsp;<\/p>\n<blockquote class=\"twitter-tweet\"><p>La confirmaci\u00f3n del <a href=\"https:\/\/twitter.com\/search?q=%23STC2000&amp;src=hash\">#STC2000<\/a> en Mendoza y el <a href=\"https:\/\/twitter.com\/search?q=%23TN&amp;src=hash\">#TN<\/a> en R\u00edo Gallegos el 6\/10 confirma la primera superposici\u00f3n que nadie entiende y ni resuelve.<\/p>\n<p>\u2014 Diego Zorrero (@dzorrero) <a href=\"https:\/\/twitter.com\/dzorrero\/statuses\/355875024978194433\">July 13, 2013<\/a><\/p><\/blockquote>\n<p>&nbsp;<\/p>\n<p><span style=\"color: #ff0000;\"><strong>MAS FECHAS<\/strong><\/span><\/p>\n<p>El rumor m\u00e1s fuerte era que el 13 de octubre el Jorge Angel Pena recibir\u00eda al TC2000 (donde corren Santero y C\u00e1ceres) y por tal rumor fue que la fecha del Trofeo CNK (pre argentino de karting) deb\u00eda cambiarse.<\/p>\n<p>Ayer, la Comisi\u00f3n Nacional de Karting confirm\u00f3 la postergaci\u00f3n del 13 al 20 de octubre la fecha coronaci\u00f3n del Trofeo CNK en San Mart\u00edn, que est\u00e1 ligado a la culminaci\u00f3n de obras en el circuito, obras que est\u00e1n siendo gestionadas y todo indica se terminar\u00e1 como corresponde.<\/p>\n<p>Por lo tanto, ser\u00e1 una semana especial en San Mart\u00edn. Si todo se confirma, tendremos:<\/p>\n<blockquote><p><span style=\"color: #000000;\">6 de octubre &#8211; <strong>S\u00faper TC2000<\/strong> &#8211; confirmado<\/span><\/p>\n<p><span style=\"color: #000000;\">13 de octubre &#8211; <strong>TC 2000<\/strong> &#8211; a confirmar<\/span><\/p>\n<p><span style=\"color: #000000;\">20 de octubre &#8211;<strong> Trofeo CNK<\/strong> &#8211; confirmado (fecha coronaci\u00f3n del pre argentino)<\/span><\/p><\/blockquote>\n","protected":false},"excerpt":{"rendered":"<p>La noticia se conoci\u00f3 en las \u00faltimas horas de ayer y ma\u00f1ana de hoy s\u00e1bado,<\/p>\n","protected":false},"author":1,"featured_media":7575,"comment_status":"open","ping_status":"closed","sticky":false,"template":"","format":"standard","meta":{"footnotes":""},"categories":[6],"tags":[],"class_list":["post-7574","post","type-post","status-publish","format-standard","has-post-thumbnail","hentry","category-nacionales"],"featured_image_urls":{"full":["https:\/\/curva1.com.ar\/wp-content\/uploads\/2013\/07\/0125.jpg",500,281,false],"thumbnail":["https:\/\/curva1.com.ar\/wp-content\/uploads\/2013\/07\/0125-300x169.jpg",300,169,true],"medium":["https:\/\/curva1.com.ar\/wp-content\/uploads\/2013\/07\/0125.jpg",500,281,false],"medium_large":["https:\/\/curva1.com.ar\/wp-content\/uploads\/2013\/07\/0125.jpg",500,281,false],"large":["https:\/\/curva1.com.ar\/wp-content\/uploads\/2013\/07\/0125.jpg",500,281,false],"1536x1536":["https:\/\/curva1.com.ar\/wp-content\/uploads\/2013\/07\/0125.jpg",500,281,false],"2048x2048":["https:\/\/curva1.com.ar\/wp-content\/uploads\/2013\/07\/0125.jpg",500,281,false],"chromenews-featured":["https:\/\/curva1.com.ar\/wp-content\/uploads\/2013\/07\/0125.jpg",500,281,false],"chromenews-large":["https:\/\/curva1.com.ar\/wp-content\/uploads\/2013\/07\/0125.jpg",500,281,false],"chromenews-medium":["https:\/\/curva1.com.ar\/wp-content\/uploads\/2013\/07\/0125.jpg",500,281,false]},"author_info":{"display_name":"Jos\u00e9 Bravo","author_link":"https:\/\/curva1.com.ar\/?author=1"},"category_info":"<a href=\"https:\/\/curva1.com.ar\/?cat=6\" rel=\"category\">Nacionales<\/a>","tag_info":"Nacionales","comment_count":"0","_links":{"self":[{"href":"https:\/\/curva1.com.ar\/index.php?rest_route=\/wp\/v2\/posts\/7574","targetHints":{"allow":["GET"]}}],"collection":[{"href":"https:\/\/curva1.com.ar\/index.php?rest_route=\/wp\/v2\/posts"}],"about":[{"href":"https:\/\/curva1.com.ar\/index.php?rest_route=\/wp\/v2\/types\/post"}],"author":[{"embeddable":true,"href":"https:\/\/curva1.com.ar\/index.php?rest_route=\/wp\/v2\/users\/1"}],"replies":[{"embeddable":true,"href":"https:\/\/curva1.com.ar\/index.php?rest_route=%2Fwp%2Fv2%2Fcomments&post=7574"}],"version-history":[{"count":8,"href":"https:\/\/curva1.com.ar\/index.php?rest_route=\/wp\/v2\/posts\/7574\/revisions"}],"predecessor-version":[{"id":7578,"href":"https:\/\/curva1.com.ar\/index.php?rest_route=\/wp\/v2\/posts\/7574\/revisions\/7578"}],"wp:featuredmedia":[{"embeddable":true,"href":"https:\/\/curva1.com.ar\/index.php?rest_route=\/wp\/v2\/media\/7575"}],"wp:attachment":[{"href":"https:\/\/curva1.com.ar\/index.php?rest_route=%2Fwp%2Fv2%2Fmedia&parent=7574"}],"wp:term":[{"taxonomy":"category","embeddable":true,"href":"https:\/\/curva1.com.ar\/index.php?rest_route=%2Fwp%2Fv2%2Fcategories&post=7574"},{"taxonomy":"post_tag","embeddable":true,"href":"https:\/\/curva1.com.ar\/index.php?rest_route=%2Fwp%2Fv2%2Ftags&post=7574"}],"curies":[{"name":"wp","href":"https:\/\/api.w.org\/{rel}","templated":true}]}}